{"id":82,"date":"2013-02-12T13:26:37","date_gmt":"2013-02-12T13:26:37","guid":{"rendered":"http:\/\/www.eundg.ch\/innen-architekt\/?p=82"},"modified":"2025-02-17T12:32:29","modified_gmt":"2025-02-17T12:32:29","slug":"arve","status":"publish","type":"post","link":"https:\/\/www.eundg.ch\/innen-architekt\/arve\/","title":{"rendered":"Arvenluft"},"content":{"rendered":"\n<p>Ein warmes Licht und der dezente Duft von Arvenholz empf\u00e4ngt den Besucher dieser Wohnung. Eine repetative Struktur entspringt einem grossz\u00fcgigen B\u00fccherregal und zieht sich \u00fcber die Wandverkleidungen und T\u00fcren bis ins Obergeschoss. Das durchgedachte Konzept von <a href=\"http:\/\/www.atelierzuerich.ch\/\" target=\"_blank\" rel=\"noopener\">Atelier Z\u00fcrich <\/a>wird durch einen, \u00fcber die ganze Wohnung durchlaufenden Leiterboden zusammengefasst.<\/p>\n\n\n\n<p>Materialien:<br>Wandverkleidungen, Einbaum\u00f6bel, &nbsp;Boden in Arve<br>K\u00fcche gestrichen und Liquidmetall<br>B\u00e4der Mosaikkeramik Winckelmans<\/p>\n\n\n\n<div style=\"height:100px\" aria-hidden=\"true\" class=\"wp-block-spacer\"><\/div>\n\n\n\n<figure class=\"wp-block-image alignleft size-full\"><img loading=\"lazy\" decoding=\"async\" width=\"800\" height=\"600\" src=\"https:\/\/www.eundg.ch\/innen-architekt\/wp-content\/uploads\/2014\/09\/G-Chemin\u00e9e.gif\" alt=\"\" class=\"wp-image-211\"\/><\/figure>\n\n\n\n<div style=\"height:100px\" aria-hidden=\"true\" class=\"wp-block-spacer\"><\/div>\n\n\n\n<figure class=\"wp-block-image size-full\"><img loading=\"lazy\" decoding=\"async\" width=\"800\" height=\"600\" src=\"https:\/\/www.eundg.ch\/innen-architekt\/wp-content\/uploads\/2014\/09\/I-K\u00fcche.gif\" alt=\"\" class=\"wp-image-213\"\/><\/figure>\n\n\n\n<div style=\"height:100px\" aria-hidden=\"true\" class=\"wp-block-spacer\"><\/div>\n\n\n\n<figure class=\"wp-block-image alignright size-full\"><img loading=\"lazy\" decoding=\"async\" width=\"800\" height=\"600\" src=\"https:\/\/www.eundg.ch\/innen-architekt\/wp-content\/uploads\/2014\/09\/E-Wohnen.gif\" alt=\"\" class=\"wp-image-209\"\/><\/figure>\n\n\n\n<div style=\"height:100px\" aria-hidden=\"true\" class=\"wp-block-spacer\"><\/div>\n\n\n\n<figure class=\"wp-block-image size-full\"><img loading=\"lazy\" decoding=\"async\" width=\"800\" height=\"600\" src=\"https:\/\/www.eundg.ch\/innen-architekt\/wp-content\/uploads\/2014\/09\/B-Garderobe.gif\" alt=\"\" class=\"wp-image-206\"\/><\/figure>\n\n\n\n<div style=\"height:100px\" aria-hidden=\"true\" class=\"wp-block-spacer\"><\/div>\n\n\n\n<figure class=\"wp-block-image alignleft size-full\"><img loading=\"lazy\" decoding=\"async\" width=\"800\" height=\"600\" src=\"https:\/\/www.eundg.ch\/innen-architekt\/wp-content\/uploads\/2014\/09\/D-G\u00e4ste-WC.gif\" alt=\"\" class=\"wp-image-208\"\/><\/figure>\n\n\n\n<div style=\"height:100px\" aria-hidden=\"true\" class=\"wp-block-spacer\"><\/div>\n\n\n\n<figure class=\"wp-block-image size-full\"><img loading=\"lazy\" decoding=\"async\" width=\"800\" height=\"600\" src=\"https:\/\/www.eundg.ch\/innen-architekt\/wp-content\/uploads\/2014\/09\/M-Bad1.gif\" alt=\"\" class=\"wp-image-216\"\/><\/figure>\n","protected":false},"excerpt":{"rendered":"<p>Ein warmes Licht und der dezente Duft von Arvenholz empf\u00e4ngt den Besucher dieser Wohnung&#8230;. <\/p>\n","protected":false},"author":1,"featured_media":380,"comment_status":"closed","ping_status":"closed","sticky":false,"template":"","format":"standard","meta":{"footnotes":""},"categories":[3],"tags":[20,36,38,21,37,13,8,39,22,40],"class_list":["post-82","post","type-post","status-publish","format-standard","has-post-thumbnail","hentry","category-projekte","tag-arve","tag-arvenholz","tag-atelier-zuerich","tag-einbaumoebel","tag-leiterboden","tag-liquidmetall","tag-mosaikkeramik","tag-struktur","tag-wandverkleidung","tag-zirbe"],"yoast_head":"<!-- This site is optimized with the Yoast SEO plugin v27.5 - https:\/\/yoast.com\/product\/yoast-seo-wordpress\/ -->\n<title>Arvenluft - eundg<\/title>\n<meta name=\"robots\" content=\"index, follow, max-snippet:-1, max-image-preview:large, max-video-preview:-1\" \/>\n<link rel=\"canonical\" href=\"https:\/\/www.eundg.ch\/innen-architekt\/arve\/\" \/>\n<meta property=\"og:locale\" content=\"en_US\" \/>\n<meta property=\"og:type\" content=\"article\" \/>\n<meta property=\"og:title\" content=\"Arvenluft - eundg\" \/>\n<meta property=\"og:description\" content=\"Ein warmes Licht und der dezente Duft von Arvenholz empf\u00e4ngt den Besucher dieser Wohnung....\" \/>\n<meta property=\"og:url\" content=\"https:\/\/www.eundg.ch\/innen-architekt\/arve\/\" \/>\n<meta property=\"og:site_name\" content=\"eundg\" \/>\n<meta property=\"article:published_time\" content=\"2013-02-12T13:26:37+00:00\" \/>\n<meta property=\"article:modified_time\" content=\"2025-02-17T12:32:29+00:00\" \/>\n<meta property=\"og:image\" content=\"https:\/\/www.eundg.ch\/innen-architekt\/wp-content\/uploads\/2011\/01\/DSC01783-e1417086032357.jpg\" \/>\n\t<meta property=\"og:image:width\" content=\"450\" \/>\n\t<meta property=\"og:image:height\" content=\"600\" \/>\n\t<meta property=\"og:image:type\" content=\"image\/jpeg\" \/>\n<meta name=\"author\" content=\"admin\" \/>\n<meta name=\"twitter:card\" content=\"summary_large_image\" \/>\n<meta name=\"twitter:label1\" content=\"Written by\" \/>\n\t<meta name=\"twitter:data1\" content=\"admin\" \/>\n<script type=\"application\/ld+json\" class=\"yoast-schema-graph\">{\"@context\":\"https:\\\/\\\/schema.org\",\"@graph\":[{\"@type\":\"Article\",\"@id\":\"https:\\\/\\\/www.eundg.ch\\\/innen-architekt\\\/arve\\\/#article\",\"isPartOf\":{\"@id\":\"https:\\\/\\\/www.eundg.ch\\\/innen-architekt\\\/arve\\\/\"},\"author\":{\"name\":\"admin\",\"@id\":\"https:\\\/\\\/www.eundg.ch\\\/innen-architekt\\\/#\\\/schema\\\/person\\\/e57594dbc742ad5ab98519ef63fd8cbc\"},\"headline\":\"Arvenluft\",\"datePublished\":\"2013-02-12T13:26:37+00:00\",\"dateModified\":\"2025-02-17T12:32:29+00:00\",\"mainEntityOfPage\":{\"@id\":\"https:\\\/\\\/www.eundg.ch\\\/innen-architekt\\\/arve\\\/\"},\"wordCount\":69,\"publisher\":{\"@id\":\"https:\\\/\\\/www.eundg.ch\\\/innen-architekt\\\/#organization\"},\"image\":{\"@id\":\"https:\\\/\\\/www.eundg.ch\\\/innen-architekt\\\/arve\\\/#primaryimage\"},\"thumbnailUrl\":\"https:\\\/\\\/www.eundg.ch\\\/innen-architekt\\\/wp-content\\\/uploads\\\/2011\\\/01\\\/DSC01783-e1417086032357.jpg\",\"keywords\":[\"Arve\",\"Arvenholz\",\"Atelier Z\u00fcrich\",\"Einbaum\u00f6bel\",\"Leiterboden\",\"Liquidmetall\",\"Mosaikkeramik\",\"Struktur\",\"Wandverkleidung\",\"Zirbe\"],\"articleSection\":[\"Projekte\"],\"inLanguage\":\"en-US\"},{\"@type\":\"WebPage\",\"@id\":\"https:\\\/\\\/www.eundg.ch\\\/innen-architekt\\\/arve\\\/\",\"url\":\"https:\\\/\\\/www.eundg.ch\\\/innen-architekt\\\/arve\\\/\",\"name\":\"Arvenluft - eundg\",\"isPartOf\":{\"@id\":\"https:\\\/\\\/www.eundg.ch\\\/innen-architekt\\\/#website\"},\"primaryImageOfPage\":{\"@id\":\"https:\\\/\\\/www.eundg.ch\\\/innen-architekt\\\/arve\\\/#primaryimage\"},\"image\":{\"@id\":\"https:\\\/\\\/www.eundg.ch\\\/innen-architekt\\\/arve\\\/#primaryimage\"},\"thumbnailUrl\":\"https:\\\/\\\/www.eundg.ch\\\/innen-architekt\\\/wp-content\\\/uploads\\\/2011\\\/01\\\/DSC01783-e1417086032357.jpg\",\"datePublished\":\"2013-02-12T13:26:37+00:00\",\"dateModified\":\"2025-02-17T12:32:29+00:00\",\"breadcrumb\":{\"@id\":\"https:\\\/\\\/www.eundg.ch\\\/innen-architekt\\\/arve\\\/#breadcrumb\"},\"inLanguage\":\"en-US\",\"potentialAction\":[{\"@type\":\"ReadAction\",\"target\":[\"https:\\\/\\\/www.eundg.ch\\\/innen-architekt\\\/arve\\\/\"]}]},{\"@type\":\"ImageObject\",\"inLanguage\":\"en-US\",\"@id\":\"https:\\\/\\\/www.eundg.ch\\\/innen-architekt\\\/arve\\\/#primaryimage\",\"url\":\"https:\\\/\\\/www.eundg.ch\\\/innen-architekt\\\/wp-content\\\/uploads\\\/2011\\\/01\\\/DSC01783-e1417086032357.jpg\",\"contentUrl\":\"https:\\\/\\\/www.eundg.ch\\\/innen-architekt\\\/wp-content\\\/uploads\\\/2011\\\/01\\\/DSC01783-e1417086032357.jpg\",\"width\":450,\"height\":600},{\"@type\":\"BreadcrumbList\",\"@id\":\"https:\\\/\\\/www.eundg.ch\\\/innen-architekt\\\/arve\\\/#breadcrumb\",\"itemListElement\":[{\"@type\":\"ListItem\",\"position\":1,\"name\":\"Start\",\"item\":\"https:\\\/\\\/www.eundg.ch\\\/innen-architekt\\\/\"},{\"@type\":\"ListItem\",\"position\":2,\"name\":\"Arvenluft\"}]},{\"@type\":\"WebSite\",\"@id\":\"https:\\\/\\\/www.eundg.ch\\\/innen-architekt\\\/#website\",\"url\":\"https:\\\/\\\/www.eundg.ch\\\/innen-architekt\\\/\",\"name\":\"eundg\",\"description\":\"Umbauen im Bestand\",\"publisher\":{\"@id\":\"https:\\\/\\\/www.eundg.ch\\\/innen-architekt\\\/#organization\"},\"potentialAction\":[{\"@type\":\"SearchAction\",\"target\":{\"@type\":\"EntryPoint\",\"urlTemplate\":\"https:\\\/\\\/www.eundg.ch\\\/innen-architekt\\\/?s={search_term_string}\"},\"query-input\":{\"@type\":\"PropertyValueSpecification\",\"valueRequired\":true,\"valueName\":\"search_term_string\"}}],\"inLanguage\":\"en-US\"},{\"@type\":\"Organization\",\"@id\":\"https:\\\/\\\/www.eundg.ch\\\/innen-architekt\\\/#organization\",\"name\":\"eundg\",\"url\":\"https:\\\/\\\/www.eundg.ch\\\/innen-architekt\\\/\",\"logo\":{\"@type\":\"ImageObject\",\"inLanguage\":\"en-US\",\"@id\":\"https:\\\/\\\/www.eundg.ch\\\/innen-architekt\\\/#\\\/schema\\\/logo\\\/image\\\/\",\"url\":\"https:\\\/\\\/www.eundg.ch\\\/innen-architekt\\\/wp-content\\\/uploads\\\/2025\\\/01\\\/Header-eundg-e1737406698453.jpg\",\"contentUrl\":\"https:\\\/\\\/www.eundg.ch\\\/innen-architekt\\\/wp-content\\\/uploads\\\/2025\\\/01\\\/Header-eundg-e1737406698453.jpg\",\"width\":158,\"height\":48,\"caption\":\"eundg\"},\"image\":{\"@id\":\"https:\\\/\\\/www.eundg.ch\\\/innen-architekt\\\/#\\\/schema\\\/logo\\\/image\\\/\"}},{\"@type\":\"Person\",\"@id\":\"https:\\\/\\\/www.eundg.ch\\\/innen-architekt\\\/#\\\/schema\\\/person\\\/e57594dbc742ad5ab98519ef63fd8cbc\",\"name\":\"admin\",\"image\":{\"@type\":\"ImageObject\",\"inLanguage\":\"en-US\",\"@id\":\"https:\\\/\\\/secure.gravatar.com\\\/avatar\\\/e7fa3c2c82e6dfcc1d264a8dfb9db1cf67ef110b55089f0cf5c8c955a3551cdb?s=96&d=mm&r=g\",\"url\":\"https:\\\/\\\/secure.gravatar.com\\\/avatar\\\/e7fa3c2c82e6dfcc1d264a8dfb9db1cf67ef110b55089f0cf5c8c955a3551cdb?s=96&d=mm&r=g\",\"contentUrl\":\"https:\\\/\\\/secure.gravatar.com\\\/avatar\\\/e7fa3c2c82e6dfcc1d264a8dfb9db1cf67ef110b55089f0cf5c8c955a3551cdb?s=96&d=mm&r=g\",\"caption\":\"admin\"},\"url\":\"https:\\\/\\\/www.eundg.ch\\\/innen-architekt\\\/author\\\/admin\\\/\"}]}<\/script>\n<!-- \/ Yoast SEO plugin. -->","yoast_head_json":{"title":"Arvenluft - eundg","robots":{"index":"index","follow":"follow","max-snippet":"max-snippet:-1","max-image-preview":"max-image-preview:large","max-video-preview":"max-video-preview:-1"},"canonical":"https:\/\/www.eundg.ch\/innen-architekt\/arve\/","og_locale":"en_US","og_type":"article","og_title":"Arvenluft - eundg","og_description":"Ein warmes Licht und der dezente Duft von Arvenholz empf\u00e4ngt den Besucher dieser Wohnung....","og_url":"https:\/\/www.eundg.ch\/innen-architekt\/arve\/","og_site_name":"eundg","article_published_time":"2013-02-12T13:26:37+00:00","article_modified_time":"2025-02-17T12:32:29+00:00","og_image":[{"width":450,"height":600,"url":"https:\/\/www.eundg.ch\/innen-architekt\/wp-content\/uploads\/2011\/01\/DSC01783-e1417086032357.jpg","type":"image\/jpeg"}],"author":"admin","twitter_card":"summary_large_image","twitter_misc":{"Written by":"admin"},"schema":{"@context":"https:\/\/schema.org","@graph":[{"@type":"Article","@id":"https:\/\/www.eundg.ch\/innen-architekt\/arve\/#article","isPartOf":{"@id":"https:\/\/www.eundg.ch\/innen-architekt\/arve\/"},"author":{"name":"admin","@id":"https:\/\/www.eundg.ch\/innen-architekt\/#\/schema\/person\/e57594dbc742ad5ab98519ef63fd8cbc"},"headline":"Arvenluft","datePublished":"2013-02-12T13:26:37+00:00","dateModified":"2025-02-17T12:32:29+00:00","mainEntityOfPage":{"@id":"https:\/\/www.eundg.ch\/innen-architekt\/arve\/"},"wordCount":69,"publisher":{"@id":"https:\/\/www.eundg.ch\/innen-architekt\/#organization"},"image":{"@id":"https:\/\/www.eundg.ch\/innen-architekt\/arve\/#primaryimage"},"thumbnailUrl":"https:\/\/www.eundg.ch\/innen-architekt\/wp-content\/uploads\/2011\/01\/DSC01783-e1417086032357.jpg","keywords":["Arve","Arvenholz","Atelier Z\u00fcrich","Einbaum\u00f6bel","Leiterboden","Liquidmetall","Mosaikkeramik","Struktur","Wandverkleidung","Zirbe"],"articleSection":["Projekte"],"inLanguage":"en-US"},{"@type":"WebPage","@id":"https:\/\/www.eundg.ch\/innen-architekt\/arve\/","url":"https:\/\/www.eundg.ch\/innen-architekt\/arve\/","name":"Arvenluft - eundg","isPartOf":{"@id":"https:\/\/www.eundg.ch\/innen-architekt\/#website"},"primaryImageOfPage":{"@id":"https:\/\/www.eundg.ch\/innen-architekt\/arve\/#primaryimage"},"image":{"@id":"https:\/\/www.eundg.ch\/innen-architekt\/arve\/#primaryimage"},"thumbnailUrl":"https:\/\/www.eundg.ch\/innen-architekt\/wp-content\/uploads\/2011\/01\/DSC01783-e1417086032357.jpg","datePublished":"2013-02-12T13:26:37+00:00","dateModified":"2025-02-17T12:32:29+00:00","breadcrumb":{"@id":"https:\/\/www.eundg.ch\/innen-architekt\/arve\/#breadcrumb"},"inLanguage":"en-US","potentialAction":[{"@type":"ReadAction","target":["https:\/\/www.eundg.ch\/innen-architekt\/arve\/"]}]},{"@type":"ImageObject","inLanguage":"en-US","@id":"https:\/\/www.eundg.ch\/innen-architekt\/arve\/#primaryimage","url":"https:\/\/www.eundg.ch\/innen-architekt\/wp-content\/uploads\/2011\/01\/DSC01783-e1417086032357.jpg","contentUrl":"https:\/\/www.eundg.ch\/innen-architekt\/wp-content\/uploads\/2011\/01\/DSC01783-e1417086032357.jpg","width":450,"height":600},{"@type":"BreadcrumbList","@id":"https:\/\/www.eundg.ch\/innen-architekt\/arve\/#breadcrumb","itemListElement":[{"@type":"ListItem","position":1,"name":"Start","item":"https:\/\/www.eundg.ch\/innen-architekt\/"},{"@type":"ListItem","position":2,"name":"Arvenluft"}]},{"@type":"WebSite","@id":"https:\/\/www.eundg.ch\/innen-architekt\/#website","url":"https:\/\/www.eundg.ch\/innen-architekt\/","name":"eundg","description":"Umbauen im Bestand","publisher":{"@id":"https:\/\/www.eundg.ch\/innen-architekt\/#organization"},"potentialAction":[{"@type":"SearchAction","target":{"@type":"EntryPoint","urlTemplate":"https:\/\/www.eundg.ch\/innen-architekt\/?s={search_term_string}"},"query-input":{"@type":"PropertyValueSpecification","valueRequired":true,"valueName":"search_term_string"}}],"inLanguage":"en-US"},{"@type":"Organization","@id":"https:\/\/www.eundg.ch\/innen-architekt\/#organization","name":"eundg","url":"https:\/\/www.eundg.ch\/innen-architekt\/","logo":{"@type":"ImageObject","inLanguage":"en-US","@id":"https:\/\/www.eundg.ch\/innen-architekt\/#\/schema\/logo\/image\/","url":"https:\/\/www.eundg.ch\/innen-architekt\/wp-content\/uploads\/2025\/01\/Header-eundg-e1737406698453.jpg","contentUrl":"https:\/\/www.eundg.ch\/innen-architekt\/wp-content\/uploads\/2025\/01\/Header-eundg-e1737406698453.jpg","width":158,"height":48,"caption":"eundg"},"image":{"@id":"https:\/\/www.eundg.ch\/innen-architekt\/#\/schema\/logo\/image\/"}},{"@type":"Person","@id":"https:\/\/www.eundg.ch\/innen-architekt\/#\/schema\/person\/e57594dbc742ad5ab98519ef63fd8cbc","name":"admin","image":{"@type":"ImageObject","inLanguage":"en-US","@id":"https:\/\/secure.gravatar.com\/avatar\/e7fa3c2c82e6dfcc1d264a8dfb9db1cf67ef110b55089f0cf5c8c955a3551cdb?s=96&d=mm&r=g","url":"https:\/\/secure.gravatar.com\/avatar\/e7fa3c2c82e6dfcc1d264a8dfb9db1cf67ef110b55089f0cf5c8c955a3551cdb?s=96&d=mm&r=g","contentUrl":"https:\/\/secure.gravatar.com\/avatar\/e7fa3c2c82e6dfcc1d264a8dfb9db1cf67ef110b55089f0cf5c8c955a3551cdb?s=96&d=mm&r=g","caption":"admin"},"url":"https:\/\/www.eundg.ch\/innen-architekt\/author\/admin\/"}]}},"_links":{"self":[{"href":"https:\/\/www.eundg.ch\/innen-architekt\/wp-json\/wp\/v2\/posts\/82","targetHints":{"allow":["GET"]}}],"collection":[{"href":"https:\/\/www.eundg.ch\/innen-architekt\/wp-json\/wp\/v2\/posts"}],"about":[{"href":"https:\/\/www.eundg.ch\/innen-architekt\/wp-json\/wp\/v2\/types\/post"}],"author":[{"embeddable":true,"href":"https:\/\/www.eundg.ch\/innen-architekt\/wp-json\/wp\/v2\/users\/1"}],"replies":[{"embeddable":true,"href":"https:\/\/www.eundg.ch\/innen-architekt\/wp-json\/wp\/v2\/comments?post=82"}],"version-history":[{"count":19,"href":"https:\/\/www.eundg.ch\/innen-architekt\/wp-json\/wp\/v2\/posts\/82\/revisions"}],"predecessor-version":[{"id":2032,"href":"https:\/\/www.eundg.ch\/innen-architekt\/wp-json\/wp\/v2\/posts\/82\/revisions\/2032"}],"wp:featuredmedia":[{"embeddable":true,"href":"https:\/\/www.eundg.ch\/innen-architekt\/wp-json\/wp\/v2\/media\/380"}],"wp:attachment":[{"href":"https:\/\/www.eundg.ch\/innen-architekt\/wp-json\/wp\/v2\/media?parent=82"}],"wp:term":[{"taxonomy":"category","embeddable":true,"href":"https:\/\/www.eundg.ch\/innen-architekt\/wp-json\/wp\/v2\/categories?post=82"},{"taxonomy":"post_tag","embeddable":true,"href":"https:\/\/www.eundg.ch\/innen-architekt\/wp-json\/wp\/v2\/tags?post=82"}],"curies":[{"name":"wp","href":"https:\/\/api.w.org\/{rel}","templated":true}]}}