{"id":73,"date":"2010-02-27T13:08:19","date_gmt":"2010-02-27T13:08:19","guid":{"rendered":"http:\/\/www.eundg.ch\/innen-architekt\/?p=73"},"modified":"2022-11-06T11:02:13","modified_gmt":"2022-11-06T11:02:13","slug":"duplex","status":"publish","type":"post","link":"https:\/\/www.eundg.ch\/innen-architekt\/duplex\/","title":{"rendered":"Duplex"},"content":{"rendered":"\n<p>In Zusammenarbeit mit&nbsp;<a href=\"https:\/\/architeam4.ch\/\" target=\"_blank\" rel=\"noopener\"><span style=\"color: #3070d1;\">architeam4<\/span><\/a> in Basel und Atelier Schwarz n\u2019 Egger entsteht eine exklusive und gleichzeitig zur\u00fcckhaltende Duplexwohnung.<\/p>\n\n\n<div id=\"gutenslider-7tl5b7a69\" class=\"wp-block-eedee-block-gutenslider gs-frontend content-change alignnone adaptive-height arrow-style-1 arrow-position-sides arrow-mb-none arrows-lg arrows-md arrows-sm dot-style-1 dots-lg dots-md dots-sm dot-position-bottom is-position-center-center mb-none wrap-auto-height\" data-parallax-direction=\"down\" data-parallax-amount=\"1.3\" data-lg-transition=\"lg-slide\" data-hash=\"\" ><div class=\"eedee-swiper-outer\" style=\"--gutenslider-min-height: 50vh;--gutenslider-arrow-size: 20px;--gutenslider-dot-size: 20px;--gutenslider-arrow-color: #ffffff;--gutenslider-dot-color: #ffffff;--gutenslider-padding-y-mobile: 40px;--gutenslider-padding-x-mobile: 40px;--gutenslider-padding-y-tablet: 40px;--gutenslider-padding-x-tablet: 40px;--gutenslider-padding-y-desktop: 40px;--gutenslider-padding-x-desktop: 40px;--gutenslider-bg-image: url();--gutenslider-min-height-md: 50vh;--gutenslider-min-height-sm: 50vh;--gutenslider-padding-x: 40px;--gutenslider-padding-x-md: 40px;--gutenslider-padding-x-sm: 20px;--gutenslider-padding-y: 40px;--gutenslider-padding-y-md: 40px;--gutenslider-padding-y-sm: 20px;--gutenslider-arrow-size-md: 30px;--gutenslider-arrow-size-sm: 30px;--gutenslider-dot-size-md: 25px;--gutenslider-dot-size-sm: 25px;--gutenslider-arrow-bg-color: transparent;--gutenslider-arrow-hover-color: #eeeeee;--gutenslider-arrow-bg-hover-color: transparent;--gutenslider-arrow-x-offset: 10px;--gutenslider-arrow-x-offset-md: 10px;--gutenslider-arrow-x-offset-sm: 10px;--gutenslider-arrow-y-offset: 0px;--gutenslider-arrow-y-offset-md: 0px;--gutenslider-arrow-y-offset-sm: 0px;--gutenslider-arrow-x-spacing: 0px;--gutenslider-dot-y-offset: 10px;--gutenslider-dot-y-offset-md: 10px;--gutenslider-dot-y-offset-sm: 10px;--gutenslider-margin-x: 0px;--gutenslider-margin-x-md: 0px;--gutenslider-margin-x-sm: 0px;--gutenslider-margin-y: 0px;--gutenslider-margin-y-md: 0px;--gutenslider-margin-y-sm: 0px;--gutenslider-divider-top: 60px;--gutenslider-divider-bottom: 60px;--gutenslider-lightgallery-bg: #ffffff;--gutenslider-lightgallery-font: #000000;--gs-first-pos: 50% 50%;--gs-gap-vertical: var( --wp--style--gallery-gap-default, var( --gallery-block--gutter-size, var( --wp--style--block-gap, 0.5em ) ) );--gs-gap-horizontal: var( --wp--style--gallery-gap-default, var( --gallery-block--gutter-size, var( --wp--style--block-gap, 0.5em ) ) );\"><div class=\"gutenslider-divider-top\" style=\"color:#fff;\"><\/div><div class=\"swiper\" data-settings='{\"autoplay\":false,\"speed\":700,\"direction\":\"horizontal\",\"autoHeight\":\"\",\"loop\":true,\"centeredSlides\":true,\"spaceBetween\":0,\"slidesPerView\":1,\"slidesPerGroup\":1,\"effect\":\"slide\",\"coverflowEffect\":{\"rotate\":30,\"slideShadows\":false,\"depth\":100,\"stretch\":50,\"modifier\":1},\"fadeEffect\":{\"crossFade\":true},\"zoom\":\"\",\"navigation\":{\"nextEl\":\"#gutenslider-7tl5b7a69 .eedee-gutenslider-next\",\"prevEl\":\"#gutenslider-7tl5b7a69 .eedee-gutenslider-prev\"},\"pagination\":{\"type\":\"bullets\",\"clickable\":true,\"dynamicBullets\":false,\"el\":\"#gutenslider-7tl5b7a69 .eedee-gutenslider-pagination\"},\"pauseOnHover\":\"1\",\"watchSlidesProgress\":true,\"watchSlidesVisibility\":true,\"settingsMd\":{\"autoHeight\":\"\",\"slidesPerView\":1,\"slidesPerGroup\":1,\"spaceBetween\":0,\"loop\":true},\"settingsLg\":{\"autoHeight\":\"1\",\"slidesPerView\":1,\"slidesPerGroup\":1,\"spaceBetween\":0,\"loop\":true},\"hasLg\":false,\"hasLgCounter\":true,\"isFullScreen\":false,\"arrowsFollowMouse\":false,\"lgTitle\":\"none\",\"lgCaption\":\"none\",\"lgThumbnails\":true,\"lgZoomEnabled\":false,\"keyboard\":{\"keyboard\":{\"enabled\":true,\"onlyInViewport\":true}},\"hashNavigation\":false,\"dividers\":false}'><div class=\"swiper-wrapper\">\n<div class=\"swiper-slide wp-block-eedee-block-gutenslide is-position-center-center ed-bg-image\" style=\"--ed-vw:300;--ed-vh:285;\" data-hash=\"\"><div class=\"eedee-background-div bg-image\"><img loading=\"lazy\" width=\"600\" height=\"570\" class=\"wp-image-76\" src=\"https:\/\/www.eundg.ch\/innen-architekt\/wp-content\/uploads\/2009\/02\/innenausbau-duplex-1.jpg\" alt=\"\" decoding=\"async\" style=\"object-fit: cover; object-position: 50% 50%;\"  data-caption=\"Lesen\" data-title=\"Innenausbau Duplex 1\" srcset=\"https:\/\/www.eundg.ch\/innen-architekt\/wp-content\/uploads\/2009\/02\/innenausbau-duplex-1.jpg 600w, https:\/\/www.eundg.ch\/innen-architekt\/wp-content\/uploads\/2009\/02\/innenausbau-duplex-1-300x285.jpg 300w\" sizes=\"auto, (max-width: 600px) 100vw, 600px\" \/><div class=\"eedee-background-div__overlay\" style=\"opacity:1;\"><\/div><\/div><div class=\"slide-content\">\n<div class=\"wp-block-eedee-block-gutenslide vertical-align-center\"><div id=\"gutenslide-9710ub8me\"><div class=\"eedee-background-div\"><img loading=\"lazy\" decoding=\"async\" width=\"600\" height=\"570\" class=\"wp-image-76 swiper-zoom-target\" src=\"https:\/\/www.eundg.ch\/innen-architekt\/wp-content\/uploads\/2009\/02\/innenausbau-duplex-1.jpg\" alt=\"\" style=\"object-fit:cover;object-position:50% 50%\" srcset=\"https:\/\/www.eundg.ch\/innen-architekt\/wp-content\/uploads\/2009\/02\/innenausbau-duplex-1.jpg 600w, https:\/\/www.eundg.ch\/innen-architekt\/wp-content\/uploads\/2009\/02\/innenausbau-duplex-1-300x285.jpg 300w\" sizes=\"auto, (max-width: 600px) 100vw, 600px\" \/><div class=\"eedee-background-div__overlay\" style=\"opacity:1\"><\/div><\/div><div class=\"slide-content\"><\/div><\/div><\/div>\n<\/div><\/div>\n\n<div class=\"swiper-slide wp-block-eedee-block-gutenslide is-position-center-center ed-bg-image\" style=\"--ed-vw:300;--ed-vh:217;\" data-hash=\"\"><div class=\"eedee-background-div bg-image\"><img loading=\"lazy\" width=\"600\" height=\"435\" class=\"wp-image-77\" src=\"https:\/\/www.eundg.ch\/innen-architekt\/wp-content\/uploads\/2009\/02\/innenausbau-duplex-2.jpg\" alt=\"\" decoding=\"async\" style=\"object-fit: cover; object-position: 50% 50%;\"  data-caption=\"Essen\" data-title=\"Innenausbau Duplex 2\" srcset=\"https:\/\/www.eundg.ch\/innen-architekt\/wp-content\/uploads\/2009\/02\/innenausbau-duplex-2.jpg 600w, https:\/\/www.eundg.ch\/innen-architekt\/wp-content\/uploads\/2009\/02\/innenausbau-duplex-2-300x217.jpg 300w\" sizes=\"auto, (max-width: 600px) 100vw, 600px\" \/><div class=\"eedee-background-div__overlay\" style=\"opacity:1;\"><\/div><\/div><div class=\"slide-content\">\n<div class=\"wp-block-eedee-block-gutenslide vertical-align-center\"><div id=\"gutenslide-c9zzpsgko\"><div class=\"eedee-background-div\"><img loading=\"lazy\" decoding=\"async\" width=\"600\" height=\"435\" class=\"wp-image-77 swiper-zoom-target\" src=\"https:\/\/www.eundg.ch\/innen-architekt\/wp-content\/uploads\/2009\/02\/innenausbau-duplex-2.jpg\" alt=\"\" style=\"object-fit:cover;object-position:50% 50%\" srcset=\"https:\/\/www.eundg.ch\/innen-architekt\/wp-content\/uploads\/2009\/02\/innenausbau-duplex-2.jpg 600w, https:\/\/www.eundg.ch\/innen-architekt\/wp-content\/uploads\/2009\/02\/innenausbau-duplex-2-300x217.jpg 300w\" sizes=\"auto, (max-width: 600px) 100vw, 600px\" \/><div class=\"eedee-background-div__overlay\" style=\"opacity:1\"><\/div><\/div><div class=\"slide-content\"><\/div><\/div><\/div>\n<\/div><\/div>\n\n<div class=\"swiper-slide wp-block-eedee-block-gutenslide is-position-center-center ed-bg-image\" style=\"--ed-vw:300;--ed-vh:225;\" data-hash=\"\"><div class=\"eedee-background-div bg-image\"><img loading=\"lazy\" width=\"600\" height=\"450\" class=\"wp-image-78\" src=\"https:\/\/www.eundg.ch\/innen-architekt\/wp-content\/uploads\/2009\/02\/innenausbau-duplex-3.jpg\" alt=\"\" decoding=\"async\" style=\"object-fit: cover; object-position: 50% 50%;\"  data-caption=\"Tisch und Stuhl\" data-title=\"Innenausbau Duplex 3\" srcset=\"https:\/\/www.eundg.ch\/innen-architekt\/wp-content\/uploads\/2009\/02\/innenausbau-duplex-3.jpg 600w, https:\/\/www.eundg.ch\/innen-architekt\/wp-content\/uploads\/2009\/02\/innenausbau-duplex-3-300x225.jpg 300w\" sizes=\"auto, (max-width: 600px) 100vw, 600px\" \/><div class=\"eedee-background-div__overlay\" style=\"opacity:1;\"><\/div><\/div><div class=\"slide-content\">\n<div class=\"wp-block-eedee-block-gutenslide vertical-align-center\"><div id=\"gutenslide-r6onkfc7a\"><div class=\"eedee-background-div\"><img loading=\"lazy\" decoding=\"async\" width=\"600\" height=\"450\" class=\"wp-image-78 swiper-zoom-target\" src=\"https:\/\/www.eundg.ch\/innen-architekt\/wp-content\/uploads\/2009\/02\/innenausbau-duplex-3.jpg\" alt=\"\" style=\"object-fit:cover;object-position:50% 50%\" srcset=\"https:\/\/www.eundg.ch\/innen-architekt\/wp-content\/uploads\/2009\/02\/innenausbau-duplex-3.jpg 600w, https:\/\/www.eundg.ch\/innen-architekt\/wp-content\/uploads\/2009\/02\/innenausbau-duplex-3-300x225.jpg 300w\" sizes=\"auto, (max-width: 600px) 100vw, 600px\" \/><div class=\"eedee-background-div__overlay\" style=\"opacity:1\"><\/div><\/div><div class=\"slide-content\"><\/div><\/div><\/div>\n<\/div><\/div>\n<\/div><\/div><button class=\"eedee-gutenslider-nav eedee-gutenslider-prev\"><svg xmlns=\"http:\/\/www.w3.org\/2000\/svg\" viewBox=\"0 0 24 24\" width=\"24\" height=\"24\"><circle class=\"bg\" cx=\"13\" cy=\"12\" r=\"11\" \/><path fill=\"none\" d=\"M0 0h24v24H0z\"\/><path class=\"arrow\" d=\"M10.828 12l4.95 4.95-1.414 1.414L8 12l6.364-6.364 1.414 1.414z\"\/><\/svg><\/button><button class=\"eedee-gutenslider-nav eedee-gutenslider-next\"><svg xmlns=\"http:\/\/www.w3.org\/2000\/svg\" viewBox=\"0 0 24 24\" width=\"24\" height=\"24\"><circle class=\"bg\" cx=\"11\" cy=\"12\" r=\"11\" \/><path fill=\"none\" d=\"M0 0h24v24H0z\"\/><path class=\"arrow\" d=\"M13.172 12l-4.95-4.95 1.414-1.414L16 12l-6.364 6.364-1.414-1.414z\"\/><\/svg><\/button><div class=\"eedee-gutenslider-pagination\"><\/div><div class=\"gutenslider-divider-bottom \" style=\"color:#fff;\"><\/div><\/div><\/div>\n\n\n<p>Materialien:<br>M\u00f6bel Schwarznuss furniert<br>Sitzm\u00f6bel Pferdeschwanzhaar<br>Vorh\u00e4nge Leinen<\/p>\n","protected":false},"excerpt":{"rendered":"<p>In Zusammenarbeit mit architeam4 in Basel und Atelier Schwarz n\u2019 Egger realisieren wir eine exklusive Duplexwohnung.<\/p>\n","protected":false},"author":1,"featured_media":434,"comment_status":"closed","ping_status":"closed","sticky":false,"template":"","format":"image","meta":{"footnotes":""},"categories":[3],"tags":[16,18,59,17],"class_list":["post-73","post","type-post","status-publish","format-image","has-post-thumbnail","hentry","category-projekte","tag-gewachst","tag-leinen","tag-pferdehaar","tag-schwarznuss","post_format-post-format-image"],"yoast_head":"<!-- This site is optimized with the Yoast SEO plugin v27.5 - https:\/\/yoast.com\/product\/yoast-seo-wordpress\/ -->\n<title>Duplex - eundg<\/title>\n<meta name=\"robots\" content=\"index, follow, max-snippet:-1, max-image-preview:large, max-video-preview:-1\" \/>\n<link rel=\"canonical\" href=\"https:\/\/www.eundg.ch\/innen-architekt\/duplex\/\" \/>\n<meta property=\"og:locale\" content=\"en_US\" \/>\n<meta property=\"og:type\" content=\"article\" \/>\n<meta property=\"og:title\" content=\"Duplex - eundg\" \/>\n<meta property=\"og:description\" content=\"In Zusammenarbeit mit architeam4 in Basel und Atelier Schwarz n\u2019 Egger realisieren wir eine exklusive Duplexwohnung.\" \/>\n<meta property=\"og:url\" content=\"https:\/\/www.eundg.ch\/innen-architekt\/duplex\/\" \/>\n<meta property=\"og:site_name\" content=\"eundg\" \/>\n<meta property=\"article:published_time\" content=\"2010-02-27T13:08:19+00:00\" \/>\n<meta property=\"article:modified_time\" content=\"2022-11-06T11:02:13+00:00\" \/>\n<meta property=\"og:image\" content=\"https:\/\/www.eundg.ch\/innen-architekt\/wp-content\/uploads\/2009\/02\/Schalen1.jpg\" \/>\n\t<meta property=\"og:image:width\" content=\"800\" \/>\n\t<meta property=\"og:image:height\" content=\"419\" \/>\n\t<meta property=\"og:image:type\" content=\"image\/jpeg\" \/>\n<meta name=\"author\" content=\"admin\" \/>\n<meta name=\"twitter:card\" content=\"summary_large_image\" \/>\n<meta name=\"twitter:label1\" content=\"Written by\" \/>\n\t<meta name=\"twitter:data1\" content=\"admin\" \/>\n<script type=\"application\/ld+json\" class=\"yoast-schema-graph\">{\"@context\":\"https:\\\/\\\/schema.org\",\"@graph\":[{\"@type\":\"Article\",\"@id\":\"https:\\\/\\\/www.eundg.ch\\\/innen-architekt\\\/duplex\\\/#article\",\"isPartOf\":{\"@id\":\"https:\\\/\\\/www.eundg.ch\\\/innen-architekt\\\/duplex\\\/\"},\"author\":{\"name\":\"admin\",\"@id\":\"https:\\\/\\\/www.eundg.ch\\\/innen-architekt\\\/#\\\/schema\\\/person\\\/e57594dbc742ad5ab98519ef63fd8cbc\"},\"headline\":\"Duplex\",\"datePublished\":\"2010-02-27T13:08:19+00:00\",\"dateModified\":\"2022-11-06T11:02:13+00:00\",\"mainEntityOfPage\":{\"@id\":\"https:\\\/\\\/www.eundg.ch\\\/innen-architekt\\\/duplex\\\/\"},\"wordCount\":30,\"publisher\":{\"@id\":\"https:\\\/\\\/www.eundg.ch\\\/innen-architekt\\\/#organization\"},\"image\":{\"@id\":\"https:\\\/\\\/www.eundg.ch\\\/innen-architekt\\\/duplex\\\/#primaryimage\"},\"thumbnailUrl\":\"https:\\\/\\\/www.eundg.ch\\\/innen-architekt\\\/wp-content\\\/uploads\\\/2009\\\/02\\\/Schalen1.jpg\",\"keywords\":[\"gewachst\",\"Leinen\",\"Pferdehaar\",\"Schwarznuss\"],\"articleSection\":[\"Projekte\"],\"inLanguage\":\"en-US\"},{\"@type\":\"WebPage\",\"@id\":\"https:\\\/\\\/www.eundg.ch\\\/innen-architekt\\\/duplex\\\/\",\"url\":\"https:\\\/\\\/www.eundg.ch\\\/innen-architekt\\\/duplex\\\/\",\"name\":\"Duplex - eundg\",\"isPartOf\":{\"@id\":\"https:\\\/\\\/www.eundg.ch\\\/innen-architekt\\\/#website\"},\"primaryImageOfPage\":{\"@id\":\"https:\\\/\\\/www.eundg.ch\\\/innen-architekt\\\/duplex\\\/#primaryimage\"},\"image\":{\"@id\":\"https:\\\/\\\/www.eundg.ch\\\/innen-architekt\\\/duplex\\\/#primaryimage\"},\"thumbnailUrl\":\"https:\\\/\\\/www.eundg.ch\\\/innen-architekt\\\/wp-content\\\/uploads\\\/2009\\\/02\\\/Schalen1.jpg\",\"datePublished\":\"2010-02-27T13:08:19+00:00\",\"dateModified\":\"2022-11-06T11:02:13+00:00\",\"breadcrumb\":{\"@id\":\"https:\\\/\\\/www.eundg.ch\\\/innen-architekt\\\/duplex\\\/#breadcrumb\"},\"inLanguage\":\"en-US\",\"potentialAction\":[{\"@type\":\"ReadAction\",\"target\":[\"https:\\\/\\\/www.eundg.ch\\\/innen-architekt\\\/duplex\\\/\"]}]},{\"@type\":\"ImageObject\",\"inLanguage\":\"en-US\",\"@id\":\"https:\\\/\\\/www.eundg.ch\\\/innen-architekt\\\/duplex\\\/#primaryimage\",\"url\":\"https:\\\/\\\/www.eundg.ch\\\/innen-architekt\\\/wp-content\\\/uploads\\\/2009\\\/02\\\/Schalen1.jpg\",\"contentUrl\":\"https:\\\/\\\/www.eundg.ch\\\/innen-architekt\\\/wp-content\\\/uploads\\\/2009\\\/02\\\/Schalen1.jpg\",\"width\":800,\"height\":419},{\"@type\":\"BreadcrumbList\",\"@id\":\"https:\\\/\\\/www.eundg.ch\\\/innen-architekt\\\/duplex\\\/#breadcrumb\",\"itemListElement\":[{\"@type\":\"ListItem\",\"position\":1,\"name\":\"Start\",\"item\":\"https:\\\/\\\/www.eundg.ch\\\/innen-architekt\\\/\"},{\"@type\":\"ListItem\",\"position\":2,\"name\":\"Duplex\"}]},{\"@type\":\"WebSite\",\"@id\":\"https:\\\/\\\/www.eundg.ch\\\/innen-architekt\\\/#website\",\"url\":\"https:\\\/\\\/www.eundg.ch\\\/innen-architekt\\\/\",\"name\":\"eundg\",\"description\":\"Umbauen im Bestand\",\"publisher\":{\"@id\":\"https:\\\/\\\/www.eundg.ch\\\/innen-architekt\\\/#organization\"},\"potentialAction\":[{\"@type\":\"SearchAction\",\"target\":{\"@type\":\"EntryPoint\",\"urlTemplate\":\"https:\\\/\\\/www.eundg.ch\\\/innen-architekt\\\/?s={search_term_string}\"},\"query-input\":{\"@type\":\"PropertyValueSpecification\",\"valueRequired\":true,\"valueName\":\"search_term_string\"}}],\"inLanguage\":\"en-US\"},{\"@type\":\"Organization\",\"@id\":\"https:\\\/\\\/www.eundg.ch\\\/innen-architekt\\\/#organization\",\"name\":\"eundg\",\"url\":\"https:\\\/\\\/www.eundg.ch\\\/innen-architekt\\\/\",\"logo\":{\"@type\":\"ImageObject\",\"inLanguage\":\"en-US\",\"@id\":\"https:\\\/\\\/www.eundg.ch\\\/innen-architekt\\\/#\\\/schema\\\/logo\\\/image\\\/\",\"url\":\"https:\\\/\\\/www.eundg.ch\\\/innen-architekt\\\/wp-content\\\/uploads\\\/2025\\\/01\\\/Header-eundg-e1737406698453.jpg\",\"contentUrl\":\"https:\\\/\\\/www.eundg.ch\\\/innen-architekt\\\/wp-content\\\/uploads\\\/2025\\\/01\\\/Header-eundg-e1737406698453.jpg\",\"width\":158,\"height\":48,\"caption\":\"eundg\"},\"image\":{\"@id\":\"https:\\\/\\\/www.eundg.ch\\\/innen-architekt\\\/#\\\/schema\\\/logo\\\/image\\\/\"}},{\"@type\":\"Person\",\"@id\":\"https:\\\/\\\/www.eundg.ch\\\/innen-architekt\\\/#\\\/schema\\\/person\\\/e57594dbc742ad5ab98519ef63fd8cbc\",\"name\":\"admin\",\"image\":{\"@type\":\"ImageObject\",\"inLanguage\":\"en-US\",\"@id\":\"https:\\\/\\\/secure.gravatar.com\\\/avatar\\\/e7fa3c2c82e6dfcc1d264a8dfb9db1cf67ef110b55089f0cf5c8c955a3551cdb?s=96&d=mm&r=g\",\"url\":\"https:\\\/\\\/secure.gravatar.com\\\/avatar\\\/e7fa3c2c82e6dfcc1d264a8dfb9db1cf67ef110b55089f0cf5c8c955a3551cdb?s=96&d=mm&r=g\",\"contentUrl\":\"https:\\\/\\\/secure.gravatar.com\\\/avatar\\\/e7fa3c2c82e6dfcc1d264a8dfb9db1cf67ef110b55089f0cf5c8c955a3551cdb?s=96&d=mm&r=g\",\"caption\":\"admin\"},\"url\":\"https:\\\/\\\/www.eundg.ch\\\/innen-architekt\\\/author\\\/admin\\\/\"}]}<\/script>\n<!-- \/ Yoast SEO plugin. -->","yoast_head_json":{"title":"Duplex - eundg","robots":{"index":"index","follow":"follow","max-snippet":"max-snippet:-1","max-image-preview":"max-image-preview:large","max-video-preview":"max-video-preview:-1"},"canonical":"https:\/\/www.eundg.ch\/innen-architekt\/duplex\/","og_locale":"en_US","og_type":"article","og_title":"Duplex - eundg","og_description":"In Zusammenarbeit mit architeam4 in Basel und Atelier Schwarz n\u2019 Egger realisieren wir eine exklusive Duplexwohnung.","og_url":"https:\/\/www.eundg.ch\/innen-architekt\/duplex\/","og_site_name":"eundg","article_published_time":"2010-02-27T13:08:19+00:00","article_modified_time":"2022-11-06T11:02:13+00:00","og_image":[{"width":800,"height":419,"url":"https:\/\/www.eundg.ch\/innen-architekt\/wp-content\/uploads\/2009\/02\/Schalen1.jpg","type":"image\/jpeg"}],"author":"admin","twitter_card":"summary_large_image","twitter_misc":{"Written by":"admin"},"schema":{"@context":"https:\/\/schema.org","@graph":[{"@type":"Article","@id":"https:\/\/www.eundg.ch\/innen-architekt\/duplex\/#article","isPartOf":{"@id":"https:\/\/www.eundg.ch\/innen-architekt\/duplex\/"},"author":{"name":"admin","@id":"https:\/\/www.eundg.ch\/innen-architekt\/#\/schema\/person\/e57594dbc742ad5ab98519ef63fd8cbc"},"headline":"Duplex","datePublished":"2010-02-27T13:08:19+00:00","dateModified":"2022-11-06T11:02:13+00:00","mainEntityOfPage":{"@id":"https:\/\/www.eundg.ch\/innen-architekt\/duplex\/"},"wordCount":30,"publisher":{"@id":"https:\/\/www.eundg.ch\/innen-architekt\/#organization"},"image":{"@id":"https:\/\/www.eundg.ch\/innen-architekt\/duplex\/#primaryimage"},"thumbnailUrl":"https:\/\/www.eundg.ch\/innen-architekt\/wp-content\/uploads\/2009\/02\/Schalen1.jpg","keywords":["gewachst","Leinen","Pferdehaar","Schwarznuss"],"articleSection":["Projekte"],"inLanguage":"en-US"},{"@type":"WebPage","@id":"https:\/\/www.eundg.ch\/innen-architekt\/duplex\/","url":"https:\/\/www.eundg.ch\/innen-architekt\/duplex\/","name":"Duplex - eundg","isPartOf":{"@id":"https:\/\/www.eundg.ch\/innen-architekt\/#website"},"primaryImageOfPage":{"@id":"https:\/\/www.eundg.ch\/innen-architekt\/duplex\/#primaryimage"},"image":{"@id":"https:\/\/www.eundg.ch\/innen-architekt\/duplex\/#primaryimage"},"thumbnailUrl":"https:\/\/www.eundg.ch\/innen-architekt\/wp-content\/uploads\/2009\/02\/Schalen1.jpg","datePublished":"2010-02-27T13:08:19+00:00","dateModified":"2022-11-06T11:02:13+00:00","breadcrumb":{"@id":"https:\/\/www.eundg.ch\/innen-architekt\/duplex\/#breadcrumb"},"inLanguage":"en-US","potentialAction":[{"@type":"ReadAction","target":["https:\/\/www.eundg.ch\/innen-architekt\/duplex\/"]}]},{"@type":"ImageObject","inLanguage":"en-US","@id":"https:\/\/www.eundg.ch\/innen-architekt\/duplex\/#primaryimage","url":"https:\/\/www.eundg.ch\/innen-architekt\/wp-content\/uploads\/2009\/02\/Schalen1.jpg","contentUrl":"https:\/\/www.eundg.ch\/innen-architekt\/wp-content\/uploads\/2009\/02\/Schalen1.jpg","width":800,"height":419},{"@type":"BreadcrumbList","@id":"https:\/\/www.eundg.ch\/innen-architekt\/duplex\/#breadcrumb","itemListElement":[{"@type":"ListItem","position":1,"name":"Start","item":"https:\/\/www.eundg.ch\/innen-architekt\/"},{"@type":"ListItem","position":2,"name":"Duplex"}]},{"@type":"WebSite","@id":"https:\/\/www.eundg.ch\/innen-architekt\/#website","url":"https:\/\/www.eundg.ch\/innen-architekt\/","name":"eundg","description":"Umbauen im Bestand","publisher":{"@id":"https:\/\/www.eundg.ch\/innen-architekt\/#organization"},"potentialAction":[{"@type":"SearchAction","target":{"@type":"EntryPoint","urlTemplate":"https:\/\/www.eundg.ch\/innen-architekt\/?s={search_term_string}"},"query-input":{"@type":"PropertyValueSpecification","valueRequired":true,"valueName":"search_term_string"}}],"inLanguage":"en-US"},{"@type":"Organization","@id":"https:\/\/www.eundg.ch\/innen-architekt\/#organization","name":"eundg","url":"https:\/\/www.eundg.ch\/innen-architekt\/","logo":{"@type":"ImageObject","inLanguage":"en-US","@id":"https:\/\/www.eundg.ch\/innen-architekt\/#\/schema\/logo\/image\/","url":"https:\/\/www.eundg.ch\/innen-architekt\/wp-content\/uploads\/2025\/01\/Header-eundg-e1737406698453.jpg","contentUrl":"https:\/\/www.eundg.ch\/innen-architekt\/wp-content\/uploads\/2025\/01\/Header-eundg-e1737406698453.jpg","width":158,"height":48,"caption":"eundg"},"image":{"@id":"https:\/\/www.eundg.ch\/innen-architekt\/#\/schema\/logo\/image\/"}},{"@type":"Person","@id":"https:\/\/www.eundg.ch\/innen-architekt\/#\/schema\/person\/e57594dbc742ad5ab98519ef63fd8cbc","name":"admin","image":{"@type":"ImageObject","inLanguage":"en-US","@id":"https:\/\/secure.gravatar.com\/avatar\/e7fa3c2c82e6dfcc1d264a8dfb9db1cf67ef110b55089f0cf5c8c955a3551cdb?s=96&d=mm&r=g","url":"https:\/\/secure.gravatar.com\/avatar\/e7fa3c2c82e6dfcc1d264a8dfb9db1cf67ef110b55089f0cf5c8c955a3551cdb?s=96&d=mm&r=g","contentUrl":"https:\/\/secure.gravatar.com\/avatar\/e7fa3c2c82e6dfcc1d264a8dfb9db1cf67ef110b55089f0cf5c8c955a3551cdb?s=96&d=mm&r=g","caption":"admin"},"url":"https:\/\/www.eundg.ch\/innen-architekt\/author\/admin\/"}]}},"_links":{"self":[{"href":"https:\/\/www.eundg.ch\/innen-architekt\/wp-json\/wp\/v2\/posts\/73","targetHints":{"allow":["GET"]}}],"collection":[{"href":"https:\/\/www.eundg.ch\/innen-architekt\/wp-json\/wp\/v2\/posts"}],"about":[{"href":"https:\/\/www.eundg.ch\/innen-architekt\/wp-json\/wp\/v2\/types\/post"}],"author":[{"embeddable":true,"href":"https:\/\/www.eundg.ch\/innen-architekt\/wp-json\/wp\/v2\/users\/1"}],"replies":[{"embeddable":true,"href":"https:\/\/www.eundg.ch\/innen-architekt\/wp-json\/wp\/v2\/comments?post=73"}],"version-history":[{"count":13,"href":"https:\/\/www.eundg.ch\/innen-architekt\/wp-json\/wp\/v2\/posts\/73\/revisions"}],"predecessor-version":[{"id":1454,"href":"https:\/\/www.eundg.ch\/innen-architekt\/wp-json\/wp\/v2\/posts\/73\/revisions\/1454"}],"wp:featuredmedia":[{"embeddable":true,"href":"https:\/\/www.eundg.ch\/innen-architekt\/wp-json\/wp\/v2\/media\/434"}],"wp:attachment":[{"href":"https:\/\/www.eundg.ch\/innen-architekt\/wp-json\/wp\/v2\/media?parent=73"}],"wp:term":[{"taxonomy":"category","embeddable":true,"href":"https:\/\/www.eundg.ch\/innen-architekt\/wp-json\/wp\/v2\/categories?post=73"},{"taxonomy":"post_tag","embeddable":true,"href":"https:\/\/www.eundg.ch\/innen-architekt\/wp-json\/wp\/v2\/tags?post=73"}],"curies":[{"name":"wp","href":"https:\/\/api.w.org\/{rel}","templated":true}]}}