{"id":55,"date":"2011-08-15T12:56:53","date_gmt":"2011-08-15T12:56:53","guid":{"rendered":"http:\/\/www.eundg.ch\/innen-architekt\/?p=55"},"modified":"2025-02-17T12:44:41","modified_gmt":"2025-02-17T12:44:41","slug":"nucleus","status":"publish","type":"post","link":"https:\/\/www.eundg.ch\/innen-architekt\/nucleus\/","title":{"rendered":"Nucleus"},"content":{"rendered":"\n<p>In Zusammenarbeit mit dem <a href=\"http:\/\/www.atelierzuerich.ch\/\">atelier&nbsp;z\u00fcrich <\/a>entsteht eine aussergew\u00f6hnliche Ferienwohnung. Dabei wurden rustikale und sinnliche Materialien mit einem modernen, kompakten Entwurf in Einklang gebracht.<\/p>\n\n\n\n<p>Materialien:<br>M\u00f6belfronten Eiche geb\u00fcrstet lackiert<br>K\u00fccheninsel strukturlackiert<br>Bad Mosaikkeramik<\/p>\n\n\n\n<div style=\"height:100px\" aria-hidden=\"true\" class=\"wp-block-spacer\"><\/div>\n\n\n\n<figure class=\"wp-block-image alignleft size-full\"><img loading=\"lazy\" decoding=\"async\" width=\"800\" height=\"600\" src=\"https:\/\/www.eundg.ch\/innen-architekt\/wp-content\/uploads\/2009\/03\/K\u00fcche.jpg\" alt=\"\" class=\"wp-image-409\" srcset=\"https:\/\/www.eundg.ch\/innen-architekt\/wp-content\/uploads\/2009\/03\/K\u00fcche.jpg 800w, https:\/\/www.eundg.ch\/innen-architekt\/wp-content\/uploads\/2009\/03\/K\u00fcche-300x225.jpg 300w\" sizes=\"auto, (max-width: 800px) 100vw, 800px\" \/><\/figure>\n\n\n\n<div style=\"height:100px\" aria-hidden=\"true\" class=\"wp-block-spacer\"><\/div>\n\n\n\n<figure class=\"wp-block-image size-full\"><img loading=\"lazy\" decoding=\"async\" width=\"600\" height=\"800\" src=\"https:\/\/www.eundg.ch\/innen-architekt\/wp-content\/uploads\/2009\/03\/Garderobe.jpg\" alt=\"\" class=\"wp-image-408\" srcset=\"https:\/\/www.eundg.ch\/innen-architekt\/wp-content\/uploads\/2009\/03\/Garderobe.jpg 600w, https:\/\/www.eundg.ch\/innen-architekt\/wp-content\/uploads\/2009\/03\/Garderobe-225x300.jpg 225w\" sizes=\"auto, (max-width: 600px) 100vw, 600px\" \/><\/figure>\n\n\n\n<div style=\"height:100px\" aria-hidden=\"true\" class=\"wp-block-spacer\"><\/div>\n\n\n\n<figure class=\"wp-block-image alignright size-full\"><img loading=\"lazy\" decoding=\"async\" width=\"800\" height=\"600\" src=\"https:\/\/www.eundg.ch\/innen-architekt\/wp-content\/uploads\/2009\/03\/Wohnen.jpg\" alt=\"\" class=\"wp-image-411\" srcset=\"https:\/\/www.eundg.ch\/innen-architekt\/wp-content\/uploads\/2009\/03\/Wohnen.jpg 800w, https:\/\/www.eundg.ch\/innen-architekt\/wp-content\/uploads\/2009\/03\/Wohnen-300x225.jpg 300w\" sizes=\"auto, (max-width: 800px) 100vw, 800px\" \/><\/figure>\n\n\n\n<div style=\"height:100px\" aria-hidden=\"true\" class=\"wp-block-spacer\"><\/div>\n\n\n\n<figure class=\"wp-block-image size-full\"><img loading=\"lazy\" decoding=\"async\" width=\"450\" height=\"600\" src=\"https:\/\/www.eundg.ch\/innen-architekt\/wp-content\/uploads\/2009\/03\/Bad-e1417085986733.jpg\" alt=\"\" class=\"wp-image-405\"\/><\/figure>\n\n\n\n<p><\/p>\n","protected":false},"excerpt":{"rendered":"<p>In Zusammenarbeit mit dem atelier z\u00fcrich entsteht eine aussergew\u00f6hnliche Ferienwohnung&#8230;.<\/p>\n","protected":false},"author":1,"featured_media":413,"comment_status":"closed","ping_status":"closed","sticky":false,"template":"","format":"standard","meta":{"footnotes":""},"categories":[3],"tags":[5,6,7,8,52],"class_list":["post-55","post","type-post","status-publish","format-standard","has-post-thumbnail","hentry","category-projekte","tag-eiche","tag-gebuerstet","tag-lackiert","tag-mosaikkeramik","tag-nucleus"],"yoast_head":"<!-- This site is optimized with the Yoast SEO plugin v27.5 - https:\/\/yoast.com\/product\/yoast-seo-wordpress\/ -->\n<title>Nucleus - eundg<\/title>\n<meta name=\"robots\" content=\"index, follow, max-snippet:-1, max-image-preview:large, max-video-preview:-1\" \/>\n<link rel=\"canonical\" href=\"https:\/\/www.eundg.ch\/innen-architekt\/nucleus\/\" \/>\n<meta property=\"og:locale\" content=\"en_US\" \/>\n<meta property=\"og:type\" content=\"article\" \/>\n<meta property=\"og:title\" content=\"Nucleus - eundg\" \/>\n<meta property=\"og:description\" content=\"In Zusammenarbeit mit dem atelier z\u00fcrich entsteht eine aussergew\u00f6hnliche Ferienwohnung....\" \/>\n<meta property=\"og:url\" content=\"https:\/\/www.eundg.ch\/innen-architekt\/nucleus\/\" \/>\n<meta property=\"og:site_name\" content=\"eundg\" \/>\n<meta property=\"article:published_time\" content=\"2011-08-15T12:56:53+00:00\" \/>\n<meta property=\"article:modified_time\" content=\"2025-02-17T12:44:41+00:00\" \/>\n<meta property=\"og:image\" content=\"https:\/\/www.eundg.ch\/innen-architekt\/wp-content\/uploads\/2009\/03\/Material-e1417085927459.jpg\" \/>\n\t<meta property=\"og:image:width\" content=\"450\" \/>\n\t<meta property=\"og:image:height\" content=\"600\" \/>\n\t<meta property=\"og:image:type\" content=\"image\/jpeg\" \/>\n<meta name=\"author\" content=\"admin\" \/>\n<meta name=\"twitter:card\" content=\"summary_large_image\" \/>\n<meta name=\"twitter:label1\" content=\"Written by\" \/>\n\t<meta name=\"twitter:data1\" content=\"admin\" \/>\n<script type=\"application\/ld+json\" class=\"yoast-schema-graph\">{\"@context\":\"https:\\\/\\\/schema.org\",\"@graph\":[{\"@type\":\"Article\",\"@id\":\"https:\\\/\\\/www.eundg.ch\\\/innen-architekt\\\/nucleus\\\/#article\",\"isPartOf\":{\"@id\":\"https:\\\/\\\/www.eundg.ch\\\/innen-architekt\\\/nucleus\\\/\"},\"author\":{\"name\":\"admin\",\"@id\":\"https:\\\/\\\/www.eundg.ch\\\/innen-architekt\\\/#\\\/schema\\\/person\\\/e57594dbc742ad5ab98519ef63fd8cbc\"},\"headline\":\"Nucleus\",\"datePublished\":\"2011-08-15T12:56:53+00:00\",\"dateModified\":\"2025-02-17T12:44:41+00:00\",\"mainEntityOfPage\":{\"@id\":\"https:\\\/\\\/www.eundg.ch\\\/innen-architekt\\\/nucleus\\\/\"},\"wordCount\":38,\"publisher\":{\"@id\":\"https:\\\/\\\/www.eundg.ch\\\/innen-architekt\\\/#organization\"},\"image\":{\"@id\":\"https:\\\/\\\/www.eundg.ch\\\/innen-architekt\\\/nucleus\\\/#primaryimage\"},\"thumbnailUrl\":\"https:\\\/\\\/www.eundg.ch\\\/innen-architekt\\\/wp-content\\\/uploads\\\/2009\\\/03\\\/Material-e1417085927459.jpg\",\"keywords\":[\"Eiche\",\"geb\u00fcrstet\",\"lackiert\",\"Mosaikkeramik\",\"Nucleus\"],\"articleSection\":[\"Projekte\"],\"inLanguage\":\"en-US\"},{\"@type\":\"WebPage\",\"@id\":\"https:\\\/\\\/www.eundg.ch\\\/innen-architekt\\\/nucleus\\\/\",\"url\":\"https:\\\/\\\/www.eundg.ch\\\/innen-architekt\\\/nucleus\\\/\",\"name\":\"Nucleus - eundg\",\"isPartOf\":{\"@id\":\"https:\\\/\\\/www.eundg.ch\\\/innen-architekt\\\/#website\"},\"primaryImageOfPage\":{\"@id\":\"https:\\\/\\\/www.eundg.ch\\\/innen-architekt\\\/nucleus\\\/#primaryimage\"},\"image\":{\"@id\":\"https:\\\/\\\/www.eundg.ch\\\/innen-architekt\\\/nucleus\\\/#primaryimage\"},\"thumbnailUrl\":\"https:\\\/\\\/www.eundg.ch\\\/innen-architekt\\\/wp-content\\\/uploads\\\/2009\\\/03\\\/Material-e1417085927459.jpg\",\"datePublished\":\"2011-08-15T12:56:53+00:00\",\"dateModified\":\"2025-02-17T12:44:41+00:00\",\"breadcrumb\":{\"@id\":\"https:\\\/\\\/www.eundg.ch\\\/innen-architekt\\\/nucleus\\\/#breadcrumb\"},\"inLanguage\":\"en-US\",\"potentialAction\":[{\"@type\":\"ReadAction\",\"target\":[\"https:\\\/\\\/www.eundg.ch\\\/innen-architekt\\\/nucleus\\\/\"]}]},{\"@type\":\"ImageObject\",\"inLanguage\":\"en-US\",\"@id\":\"https:\\\/\\\/www.eundg.ch\\\/innen-architekt\\\/nucleus\\\/#primaryimage\",\"url\":\"https:\\\/\\\/www.eundg.ch\\\/innen-architekt\\\/wp-content\\\/uploads\\\/2009\\\/03\\\/Material-e1417085927459.jpg\",\"contentUrl\":\"https:\\\/\\\/www.eundg.ch\\\/innen-architekt\\\/wp-content\\\/uploads\\\/2009\\\/03\\\/Material-e1417085927459.jpg\",\"width\":450,\"height\":600},{\"@type\":\"BreadcrumbList\",\"@id\":\"https:\\\/\\\/www.eundg.ch\\\/innen-architekt\\\/nucleus\\\/#breadcrumb\",\"itemListElement\":[{\"@type\":\"ListItem\",\"position\":1,\"name\":\"Start\",\"item\":\"https:\\\/\\\/www.eundg.ch\\\/innen-architekt\\\/\"},{\"@type\":\"ListItem\",\"position\":2,\"name\":\"Nucleus\"}]},{\"@type\":\"WebSite\",\"@id\":\"https:\\\/\\\/www.eundg.ch\\\/innen-architekt\\\/#website\",\"url\":\"https:\\\/\\\/www.eundg.ch\\\/innen-architekt\\\/\",\"name\":\"eundg\",\"description\":\"Umbauen im Bestand\",\"publisher\":{\"@id\":\"https:\\\/\\\/www.eundg.ch\\\/innen-architekt\\\/#organization\"},\"potentialAction\":[{\"@type\":\"SearchAction\",\"target\":{\"@type\":\"EntryPoint\",\"urlTemplate\":\"https:\\\/\\\/www.eundg.ch\\\/innen-architekt\\\/?s={search_term_string}\"},\"query-input\":{\"@type\":\"PropertyValueSpecification\",\"valueRequired\":true,\"valueName\":\"search_term_string\"}}],\"inLanguage\":\"en-US\"},{\"@type\":\"Organization\",\"@id\":\"https:\\\/\\\/www.eundg.ch\\\/innen-architekt\\\/#organization\",\"name\":\"eundg\",\"url\":\"https:\\\/\\\/www.eundg.ch\\\/innen-architekt\\\/\",\"logo\":{\"@type\":\"ImageObject\",\"inLanguage\":\"en-US\",\"@id\":\"https:\\\/\\\/www.eundg.ch\\\/innen-architekt\\\/#\\\/schema\\\/logo\\\/image\\\/\",\"url\":\"https:\\\/\\\/www.eundg.ch\\\/innen-architekt\\\/wp-content\\\/uploads\\\/2025\\\/01\\\/Header-eundg-e1737406698453.jpg\",\"contentUrl\":\"https:\\\/\\\/www.eundg.ch\\\/innen-architekt\\\/wp-content\\\/uploads\\\/2025\\\/01\\\/Header-eundg-e1737406698453.jpg\",\"width\":158,\"height\":48,\"caption\":\"eundg\"},\"image\":{\"@id\":\"https:\\\/\\\/www.eundg.ch\\\/innen-architekt\\\/#\\\/schema\\\/logo\\\/image\\\/\"}},{\"@type\":\"Person\",\"@id\":\"https:\\\/\\\/www.eundg.ch\\\/innen-architekt\\\/#\\\/schema\\\/person\\\/e57594dbc742ad5ab98519ef63fd8cbc\",\"name\":\"admin\",\"image\":{\"@type\":\"ImageObject\",\"inLanguage\":\"en-US\",\"@id\":\"https:\\\/\\\/secure.gravatar.com\\\/avatar\\\/e7fa3c2c82e6dfcc1d264a8dfb9db1cf67ef110b55089f0cf5c8c955a3551cdb?s=96&d=mm&r=g\",\"url\":\"https:\\\/\\\/secure.gravatar.com\\\/avatar\\\/e7fa3c2c82e6dfcc1d264a8dfb9db1cf67ef110b55089f0cf5c8c955a3551cdb?s=96&d=mm&r=g\",\"contentUrl\":\"https:\\\/\\\/secure.gravatar.com\\\/avatar\\\/e7fa3c2c82e6dfcc1d264a8dfb9db1cf67ef110b55089f0cf5c8c955a3551cdb?s=96&d=mm&r=g\",\"caption\":\"admin\"},\"url\":\"https:\\\/\\\/www.eundg.ch\\\/innen-architekt\\\/author\\\/admin\\\/\"}]}<\/script>\n<!-- \/ Yoast SEO plugin. -->","yoast_head_json":{"title":"Nucleus - eundg","robots":{"index":"index","follow":"follow","max-snippet":"max-snippet:-1","max-image-preview":"max-image-preview:large","max-video-preview":"max-video-preview:-1"},"canonical":"https:\/\/www.eundg.ch\/innen-architekt\/nucleus\/","og_locale":"en_US","og_type":"article","og_title":"Nucleus - eundg","og_description":"In Zusammenarbeit mit dem atelier z\u00fcrich entsteht eine aussergew\u00f6hnliche Ferienwohnung....","og_url":"https:\/\/www.eundg.ch\/innen-architekt\/nucleus\/","og_site_name":"eundg","article_published_time":"2011-08-15T12:56:53+00:00","article_modified_time":"2025-02-17T12:44:41+00:00","og_image":[{"width":450,"height":600,"url":"https:\/\/www.eundg.ch\/innen-architekt\/wp-content\/uploads\/2009\/03\/Material-e1417085927459.jpg","type":"image\/jpeg"}],"author":"admin","twitter_card":"summary_large_image","twitter_misc":{"Written by":"admin"},"schema":{"@context":"https:\/\/schema.org","@graph":[{"@type":"Article","@id":"https:\/\/www.eundg.ch\/innen-architekt\/nucleus\/#article","isPartOf":{"@id":"https:\/\/www.eundg.ch\/innen-architekt\/nucleus\/"},"author":{"name":"admin","@id":"https:\/\/www.eundg.ch\/innen-architekt\/#\/schema\/person\/e57594dbc742ad5ab98519ef63fd8cbc"},"headline":"Nucleus","datePublished":"2011-08-15T12:56:53+00:00","dateModified":"2025-02-17T12:44:41+00:00","mainEntityOfPage":{"@id":"https:\/\/www.eundg.ch\/innen-architekt\/nucleus\/"},"wordCount":38,"publisher":{"@id":"https:\/\/www.eundg.ch\/innen-architekt\/#organization"},"image":{"@id":"https:\/\/www.eundg.ch\/innen-architekt\/nucleus\/#primaryimage"},"thumbnailUrl":"https:\/\/www.eundg.ch\/innen-architekt\/wp-content\/uploads\/2009\/03\/Material-e1417085927459.jpg","keywords":["Eiche","geb\u00fcrstet","lackiert","Mosaikkeramik","Nucleus"],"articleSection":["Projekte"],"inLanguage":"en-US"},{"@type":"WebPage","@id":"https:\/\/www.eundg.ch\/innen-architekt\/nucleus\/","url":"https:\/\/www.eundg.ch\/innen-architekt\/nucleus\/","name":"Nucleus - eundg","isPartOf":{"@id":"https:\/\/www.eundg.ch\/innen-architekt\/#website"},"primaryImageOfPage":{"@id":"https:\/\/www.eundg.ch\/innen-architekt\/nucleus\/#primaryimage"},"image":{"@id":"https:\/\/www.eundg.ch\/innen-architekt\/nucleus\/#primaryimage"},"thumbnailUrl":"https:\/\/www.eundg.ch\/innen-architekt\/wp-content\/uploads\/2009\/03\/Material-e1417085927459.jpg","datePublished":"2011-08-15T12:56:53+00:00","dateModified":"2025-02-17T12:44:41+00:00","breadcrumb":{"@id":"https:\/\/www.eundg.ch\/innen-architekt\/nucleus\/#breadcrumb"},"inLanguage":"en-US","potentialAction":[{"@type":"ReadAction","target":["https:\/\/www.eundg.ch\/innen-architekt\/nucleus\/"]}]},{"@type":"ImageObject","inLanguage":"en-US","@id":"https:\/\/www.eundg.ch\/innen-architekt\/nucleus\/#primaryimage","url":"https:\/\/www.eundg.ch\/innen-architekt\/wp-content\/uploads\/2009\/03\/Material-e1417085927459.jpg","contentUrl":"https:\/\/www.eundg.ch\/innen-architekt\/wp-content\/uploads\/2009\/03\/Material-e1417085927459.jpg","width":450,"height":600},{"@type":"BreadcrumbList","@id":"https:\/\/www.eundg.ch\/innen-architekt\/nucleus\/#breadcrumb","itemListElement":[{"@type":"ListItem","position":1,"name":"Start","item":"https:\/\/www.eundg.ch\/innen-architekt\/"},{"@type":"ListItem","position":2,"name":"Nucleus"}]},{"@type":"WebSite","@id":"https:\/\/www.eundg.ch\/innen-architekt\/#website","url":"https:\/\/www.eundg.ch\/innen-architekt\/","name":"eundg","description":"Umbauen im Bestand","publisher":{"@id":"https:\/\/www.eundg.ch\/innen-architekt\/#organization"},"potentialAction":[{"@type":"SearchAction","target":{"@type":"EntryPoint","urlTemplate":"https:\/\/www.eundg.ch\/innen-architekt\/?s={search_term_string}"},"query-input":{"@type":"PropertyValueSpecification","valueRequired":true,"valueName":"search_term_string"}}],"inLanguage":"en-US"},{"@type":"Organization","@id":"https:\/\/www.eundg.ch\/innen-architekt\/#organization","name":"eundg","url":"https:\/\/www.eundg.ch\/innen-architekt\/","logo":{"@type":"ImageObject","inLanguage":"en-US","@id":"https:\/\/www.eundg.ch\/innen-architekt\/#\/schema\/logo\/image\/","url":"https:\/\/www.eundg.ch\/innen-architekt\/wp-content\/uploads\/2025\/01\/Header-eundg-e1737406698453.jpg","contentUrl":"https:\/\/www.eundg.ch\/innen-architekt\/wp-content\/uploads\/2025\/01\/Header-eundg-e1737406698453.jpg","width":158,"height":48,"caption":"eundg"},"image":{"@id":"https:\/\/www.eundg.ch\/innen-architekt\/#\/schema\/logo\/image\/"}},{"@type":"Person","@id":"https:\/\/www.eundg.ch\/innen-architekt\/#\/schema\/person\/e57594dbc742ad5ab98519ef63fd8cbc","name":"admin","image":{"@type":"ImageObject","inLanguage":"en-US","@id":"https:\/\/secure.gravatar.com\/avatar\/e7fa3c2c82e6dfcc1d264a8dfb9db1cf67ef110b55089f0cf5c8c955a3551cdb?s=96&d=mm&r=g","url":"https:\/\/secure.gravatar.com\/avatar\/e7fa3c2c82e6dfcc1d264a8dfb9db1cf67ef110b55089f0cf5c8c955a3551cdb?s=96&d=mm&r=g","contentUrl":"https:\/\/secure.gravatar.com\/avatar\/e7fa3c2c82e6dfcc1d264a8dfb9db1cf67ef110b55089f0cf5c8c955a3551cdb?s=96&d=mm&r=g","caption":"admin"},"url":"https:\/\/www.eundg.ch\/innen-architekt\/author\/admin\/"}]}},"_links":{"self":[{"href":"https:\/\/www.eundg.ch\/innen-architekt\/wp-json\/wp\/v2\/posts\/55","targetHints":{"allow":["GET"]}}],"collection":[{"href":"https:\/\/www.eundg.ch\/innen-architekt\/wp-json\/wp\/v2\/posts"}],"about":[{"href":"https:\/\/www.eundg.ch\/innen-architekt\/wp-json\/wp\/v2\/types\/post"}],"author":[{"embeddable":true,"href":"https:\/\/www.eundg.ch\/innen-architekt\/wp-json\/wp\/v2\/users\/1"}],"replies":[{"embeddable":true,"href":"https:\/\/www.eundg.ch\/innen-architekt\/wp-json\/wp\/v2\/comments?post=55"}],"version-history":[{"count":15,"href":"https:\/\/www.eundg.ch\/innen-architekt\/wp-json\/wp\/v2\/posts\/55\/revisions"}],"predecessor-version":[{"id":2035,"href":"https:\/\/www.eundg.ch\/innen-architekt\/wp-json\/wp\/v2\/posts\/55\/revisions\/2035"}],"wp:featuredmedia":[{"embeddable":true,"href":"https:\/\/www.eundg.ch\/innen-architekt\/wp-json\/wp\/v2\/media\/413"}],"wp:attachment":[{"href":"https:\/\/www.eundg.ch\/innen-architekt\/wp-json\/wp\/v2\/media?parent=55"}],"wp:term":[{"taxonomy":"category","embeddable":true,"href":"https:\/\/www.eundg.ch\/innen-architekt\/wp-json\/wp\/v2\/categories?post=55"},{"taxonomy":"post_tag","embeddable":true,"href":"https:\/\/www.eundg.ch\/innen-architekt\/wp-json\/wp\/v2\/tags?post=55"}],"curies":[{"name":"wp","href":"https:\/\/api.w.org\/{rel}","templated":true}]}}