{"id":538,"date":"2014-11-12T14:41:23","date_gmt":"2014-11-12T14:41:23","guid":{"rendered":"http:\/\/www.eundg.ch\/innen-architekt\/?p=538"},"modified":"2025-02-17T12:04:14","modified_gmt":"2025-02-17T12:04:14","slug":"porta","status":"publish","type":"post","link":"https:\/\/www.eundg.ch\/innen-architekt\/porta\/","title":{"rendered":"Porta"},"content":{"rendered":"\n<p>Ein Bauernhaus mit grossem Stallanbau im Unterengadin sollte umgebaut werden, um den heutigen Wohnbed\u00fcrfnissen einer f\u00fcnfk\u00f6pfigen Familie zu entsprechen. Das Geb\u00e4ude befindet sich als eines von nur 170 Einzelobjekten im Inventar des schweizerischen Kulturg\u00fcterschutzes. Ein zweigeschossiger Anbau an das bestehende Bauernhaus, der als &#8220;Rucksack&#8221; in den Stallraum hineinragt,&nbsp;erg\u00e4nzt die bestehenden Wohnfl\u00e4chen&nbsp;mit fehlenden Raumfunktionen.<\/p>\n\n\n\n<p>Das bestehende Wohnhaus selbst wurde im Grundriss belassen. Die Zimmeraufteilung wurde&nbsp;jedoch komplett umgestellt. Durch einen Mauerdurchbruch im Erdgeschoss wurden&nbsp;zwei kleine R\u00e4ume miteinander verbunden. Heute wird die ehemalige Wohnstube als Arbeitsraum genutzt. Die ehemalige K\u00fcche ist zu einem gem\u00fctlichen Essraum geworden und in&nbsp;die fr\u00fchere Vorratskammer wurde eine moderne K\u00fcche eingef\u00fcgt. Dem grossen&nbsp;&#8220;Piertan&#8221; im ersten Obergeschoss wurde anhand einer raumhohen B\u00fccherwand Intimit\u00e4t verschafft. Dieser wird nun als Familien-Wohnraum genutzt. Von hier aus sind die drei Schlafkammern, die m\u00f6glichst original erhalten wurden, erschlossen. Da die Kammern&nbsp;kaum Platz f\u00fcr Schr\u00e4nke bieten, wurde der neu angebaute Wirtschaftsraum mit einer grossz\u00fcgigen Schrankzeile ausgestattet. Unter dem massgefertigten Doppelbett im Elternschlafzimmer sind zudem Schrankf\u00e4cher eingebaut, so dass jeder Zentimeter Staufl\u00e4che genutzt werden kann. Die in einem fr\u00fcheren Umbau des Hauses eingezogenen, stilistisch unpassenden, Holzbohlenb\u00f6den wurden von der K\u00fcnstlerin <a href=\"http:\/\/www.susannelyner.ch\/\" target=\"_blank\" rel=\"noreferrer noopener\">Susanne Lyner<\/a> \u00fcbermalt. Im Estrich entstand ein zus\u00e4tzliches Zimmer,&nbsp;welches \u00fcber eine neue Dach-Lukarne Tageslicht erh\u00e4lt.<\/p>\n\n\n\n<div style=\"height:100px\" aria-hidden=\"true\" class=\"wp-block-spacer\"><\/div>\n\n\n\n<figure class=\"wp-block-image aligncenter size-full\" style=\"margin-top:var(--wp--preset--spacing--50);margin-bottom:var(--wp--preset--spacing--50)\"><img loading=\"lazy\" decoding=\"async\" width=\"1920\" height=\"1280\" src=\"https:\/\/www.eundg.ch\/innen-architekt\/wp-content\/uploads\/2025\/01\/Aussen-Sueden.jpg\" alt=\"\" class=\"wp-image-1937\" srcset=\"https:\/\/www.eundg.ch\/innen-architekt\/wp-content\/uploads\/2025\/01\/Aussen-Sueden.jpg 1920w, https:\/\/www.eundg.ch\/innen-architekt\/wp-content\/uploads\/2025\/01\/Aussen-Sueden-300x200.jpg 300w, https:\/\/www.eundg.ch\/innen-architekt\/wp-content\/uploads\/2025\/01\/Aussen-Sueden-1024x683.jpg 1024w, https:\/\/www.eundg.ch\/innen-architekt\/wp-content\/uploads\/2025\/01\/Aussen-Sueden-768x512.jpg 768w, https:\/\/www.eundg.ch\/innen-architekt\/wp-content\/uploads\/2025\/01\/Aussen-Sueden-50x33.jpg 50w, https:\/\/www.eundg.ch\/innen-architekt\/wp-content\/uploads\/2025\/01\/Aussen-Sueden-1600x1067.jpg 1600w, https:\/\/www.eundg.ch\/innen-architekt\/wp-content\/uploads\/2025\/01\/Aussen-Sueden-1536x1024.jpg 1536w\" sizes=\"auto, (max-width: 1920px) 100vw, 1920px\" \/><\/figure>\n\n\n\n<div style=\"height:100px\" aria-hidden=\"true\" class=\"wp-block-spacer\"><\/div>\n\n\n\n<figure class=\"wp-block-image alignleft size-large is-resized\" style=\"margin-top:var(--wp--preset--spacing--50);margin-bottom:var(--wp--preset--spacing--50)\"><img loading=\"lazy\" decoding=\"async\" width=\"1024\" height=\"683\" src=\"https:\/\/www.eundg.ch\/innen-architekt\/wp-content\/uploads\/2025\/01\/Kamin-1024x683.jpg\" alt=\"\" class=\"wp-image-1939\" style=\"object-fit:contain;width:800px;height:600px\" srcset=\"https:\/\/www.eundg.ch\/innen-architekt\/wp-content\/uploads\/2025\/01\/Kamin-1024x683.jpg 1024w, https:\/\/www.eundg.ch\/innen-architekt\/wp-content\/uploads\/2025\/01\/Kamin-300x200.jpg 300w, https:\/\/www.eundg.ch\/innen-architekt\/wp-content\/uploads\/2025\/01\/Kamin-768x512.jpg 768w, https:\/\/www.eundg.ch\/innen-architekt\/wp-content\/uploads\/2025\/01\/Kamin-50x33.jpg 50w, https:\/\/www.eundg.ch\/innen-architekt\/wp-content\/uploads\/2025\/01\/Kamin-1600x1067.jpg 1600w, https:\/\/www.eundg.ch\/innen-architekt\/wp-content\/uploads\/2025\/01\/Kamin-1536x1024.jpg 1536w, https:\/\/www.eundg.ch\/innen-architekt\/wp-content\/uploads\/2025\/01\/Kamin.jpg 1920w\" sizes=\"auto, (max-width: 1024px) 100vw, 1024px\" \/><\/figure>\n\n\n\n<div style=\"height:100px\" aria-hidden=\"true\" class=\"wp-block-spacer\"><\/div>\n\n\n\n<figure class=\"wp-block-image alignright size-full is-style-default\" style=\"margin-top:var(--wp--preset--spacing--50);margin-bottom:var(--wp--preset--spacing--50)\"><img loading=\"lazy\" decoding=\"async\" width=\"800\" height=\"600\" src=\"https:\/\/www.eundg.ch\/innen-architekt\/wp-content\/uploads\/2014\/11\/Familienraum.jpg\" alt=\"\" class=\"wp-image-564\" srcset=\"https:\/\/www.eundg.ch\/innen-architekt\/wp-content\/uploads\/2014\/11\/Familienraum.jpg 800w, https:\/\/www.eundg.ch\/innen-architekt\/wp-content\/uploads\/2014\/11\/Familienraum-300x225.jpg 300w\" sizes=\"auto, (max-width: 800px) 100vw, 800px\" \/><\/figure>\n\n\n\n<div style=\"height:100px\" aria-hidden=\"true\" class=\"wp-block-spacer\"><\/div>\n\n\n\n<figure class=\"wp-block-image aligncenter size-large is-resized\" style=\"margin-top:var(--wp--preset--spacing--50);margin-bottom:var(--wp--preset--spacing--50)\"><img loading=\"lazy\" decoding=\"async\" width=\"768\" height=\"1024\" src=\"https:\/\/www.eundg.ch\/innen-architekt\/wp-content\/uploads\/2025\/01\/Kueche-768x1024.jpg\" alt=\"\" class=\"wp-image-1940\" style=\"object-fit:contain;width:800px;height:600px\" srcset=\"https:\/\/www.eundg.ch\/innen-architekt\/wp-content\/uploads\/2025\/01\/Kueche-768x1024.jpg 768w, https:\/\/www.eundg.ch\/innen-architekt\/wp-content\/uploads\/2025\/01\/Kueche-225x300.jpg 225w, https:\/\/www.eundg.ch\/innen-architekt\/wp-content\/uploads\/2025\/01\/Kueche-50x67.jpg 50w, https:\/\/www.eundg.ch\/innen-architekt\/wp-content\/uploads\/2025\/01\/Kueche-1152x1536.jpg 1152w, https:\/\/www.eundg.ch\/innen-architekt\/wp-content\/uploads\/2025\/01\/Kueche.jpg 1440w\" sizes=\"auto, (max-width: 768px) 100vw, 768px\" \/><\/figure>\n\n\n\n<div style=\"height:100px\" aria-hidden=\"true\" class=\"wp-block-spacer\"><\/div>\n\n\n\n<figure class=\"wp-block-image aligncenter size-large is-resized\" style=\"margin-top:var(--wp--preset--spacing--50);margin-bottom:var(--wp--preset--spacing--50)\"><img loading=\"lazy\" decoding=\"async\" width=\"1024\" height=\"874\" src=\"https:\/\/www.eundg.ch\/innen-architekt\/wp-content\/uploads\/2025\/01\/Essen-1-1024x874.jpg\" alt=\"\" class=\"wp-image-1938\" style=\"object-fit:contain;width:600px;height:599px\" srcset=\"https:\/\/www.eundg.ch\/innen-architekt\/wp-content\/uploads\/2025\/01\/Essen-1-1024x874.jpg 1024w, https:\/\/www.eundg.ch\/innen-architekt\/wp-content\/uploads\/2025\/01\/Essen-1-300x256.jpg 300w, https:\/\/www.eundg.ch\/innen-architekt\/wp-content\/uploads\/2025\/01\/Essen-1-768x655.jpg 768w, https:\/\/www.eundg.ch\/innen-architekt\/wp-content\/uploads\/2025\/01\/Essen-1-50x43.jpg 50w, https:\/\/www.eundg.ch\/innen-architekt\/wp-content\/uploads\/2025\/01\/Essen-1.jpg 1500w\" sizes=\"auto, (max-width: 1024px) 100vw, 1024px\" \/><\/figure>\n","protected":false},"excerpt":{"rendered":"<p>Ein Bauernhaus mit grossem Stallanbau im Unterengadin sollte umgebaut werden um den heutigen Wohnbed\u00fcrfnissen einer f\u00fcnfk\u00f6pfigen Familie zu entsprechen. Das Geb\u00e4ude befindet sich als eines von nur 170 Einzelobjekten im Inventar des schweizerischen Kulturg\u00fcterschutzes&#8230;..<\/p>\n","protected":false},"author":2,"featured_media":588,"comment_status":"closed","ping_status":"closed","sticky":false,"template":"","format":"standard","meta":{"footnotes":""},"categories":[3],"tags":[80,84,90,79,89,77,92,81,86,73,85,91,78,76,31,87,75,83,93,82],"class_list":["post-538","post","type-post","status-publish","format-standard","has-post-thumbnail","hentry","category-projekte","tag-bauernhaus","tag-bibliothek","tag-daemmputz","tag-denkmalpflege","tag-engadiner-trichterfenster","tag-engadinerhaus","tag-engadinerhaus-umbauen","tag-gestockter-beton","tag-historische-balkendecken","tag-historisches-gebaeude","tag-holzbohlen","tag-kalkputz","tag-kopfsteinpflaesterung","tag-kulturgueterschutz","tag-loggia","tag-schleppgaube","tag-siedlungsinventar","tag-stueva","tag-umbauen","tag-wirtschaftsraum"],"yoast_head":"<!-- This site is optimized with the Yoast SEO plugin v27.5 - https:\/\/yoast.com\/product\/yoast-seo-wordpress\/ -->\n<title>Porta - eundg<\/title>\n<meta name=\"robots\" content=\"index, follow, max-snippet:-1, max-image-preview:large, max-video-preview:-1\" \/>\n<link rel=\"canonical\" href=\"https:\/\/www.eundg.ch\/innen-architekt\/porta\/\" \/>\n<meta property=\"og:locale\" content=\"en_US\" \/>\n<meta property=\"og:type\" content=\"article\" \/>\n<meta property=\"og:title\" content=\"Porta - eundg\" \/>\n<meta property=\"og:description\" content=\"Ein Bauernhaus mit grossem Stallanbau im Unterengadin sollte umgebaut werden um den heutigen Wohnbed\u00fcrfnissen einer f\u00fcnfk\u00f6pfigen Familie zu entsprechen. Das Geb\u00e4ude befindet sich als eines von nur 170 Einzelobjekten im Inventar des schweizerischen Kulturg\u00fcterschutzes.....\" \/>\n<meta property=\"og:url\" content=\"https:\/\/www.eundg.ch\/innen-architekt\/porta\/\" \/>\n<meta property=\"og:site_name\" content=\"eundg\" \/>\n<meta property=\"article:published_time\" content=\"2014-11-12T14:41:23+00:00\" \/>\n<meta property=\"article:modified_time\" content=\"2025-02-17T12:04:14+00:00\" \/>\n<meta property=\"og:image\" content=\"https:\/\/www.eundg.ch\/innen-architekt\/wp-content\/uploads\/2014\/11\/Skizze-S\u00fcdfassade.jpg\" \/>\n\t<meta property=\"og:image:width\" content=\"800\" \/>\n\t<meta property=\"og:image:height\" content=\"600\" \/>\n\t<meta property=\"og:image:type\" content=\"image\/jpeg\" \/>\n<meta name=\"author\" content=\"Markus Egger\" \/>\n<meta name=\"twitter:card\" content=\"summary_large_image\" \/>\n<meta name=\"twitter:label1\" content=\"Written by\" \/>\n\t<meta name=\"twitter:data1\" content=\"Markus Egger\" \/>\n\t<meta name=\"twitter:label2\" content=\"Est. reading time\" \/>\n\t<meta name=\"twitter:data2\" content=\"1 minute\" \/>\n<script type=\"application\/ld+json\" class=\"yoast-schema-graph\">{\"@context\":\"https:\\\/\\\/schema.org\",\"@graph\":[{\"@type\":\"Article\",\"@id\":\"https:\\\/\\\/www.eundg.ch\\\/innen-architekt\\\/porta\\\/#article\",\"isPartOf\":{\"@id\":\"https:\\\/\\\/www.eundg.ch\\\/innen-architekt\\\/porta\\\/\"},\"author\":{\"name\":\"Markus Egger\",\"@id\":\"https:\\\/\\\/www.eundg.ch\\\/innen-architekt\\\/#\\\/schema\\\/person\\\/3bf8192ee5104d3f2bb7006f07f34a26\"},\"headline\":\"Porta\",\"datePublished\":\"2014-11-12T14:41:23+00:00\",\"dateModified\":\"2025-02-17T12:04:14+00:00\",\"mainEntityOfPage\":{\"@id\":\"https:\\\/\\\/www.eundg.ch\\\/innen-architekt\\\/porta\\\/\"},\"wordCount\":240,\"publisher\":{\"@id\":\"https:\\\/\\\/www.eundg.ch\\\/innen-architekt\\\/#organization\"},\"image\":{\"@id\":\"https:\\\/\\\/www.eundg.ch\\\/innen-architekt\\\/porta\\\/#primaryimage\"},\"thumbnailUrl\":\"https:\\\/\\\/www.eundg.ch\\\/innen-architekt\\\/wp-content\\\/uploads\\\/2014\\\/11\\\/Skizze-S\u00fcdfassade.jpg\",\"keywords\":[\"Bauernhaus\",\"Bibliothek\",\"D\u00e4mmputz\",\"Denkmalpflege\",\"engadiner Trichterfenster\",\"Engadinerhaus\",\"Engadinerhaus umbauen\",\"gestockter Beton\",\"historische Balkendecken\",\"historisches Geb\u00e4ude\",\"Holzbohlen\",\"Kalkputz\",\"Kopfsteinpfl\u00e4sterung\",\"Kulturg\u00fcterschutz\",\"Loggia\",\"Schleppgaube\",\"Siedlungsinventar\",\"St\u00fcva\",\"umbauen\",\"Wirtschaftsraum\"],\"articleSection\":[\"Projekte\"],\"inLanguage\":\"en-US\"},{\"@type\":\"WebPage\",\"@id\":\"https:\\\/\\\/www.eundg.ch\\\/innen-architekt\\\/porta\\\/\",\"url\":\"https:\\\/\\\/www.eundg.ch\\\/innen-architekt\\\/porta\\\/\",\"name\":\"Porta - eundg\",\"isPartOf\":{\"@id\":\"https:\\\/\\\/www.eundg.ch\\\/innen-architekt\\\/#website\"},\"primaryImageOfPage\":{\"@id\":\"https:\\\/\\\/www.eundg.ch\\\/innen-architekt\\\/porta\\\/#primaryimage\"},\"image\":{\"@id\":\"https:\\\/\\\/www.eundg.ch\\\/innen-architekt\\\/porta\\\/#primaryimage\"},\"thumbnailUrl\":\"https:\\\/\\\/www.eundg.ch\\\/innen-architekt\\\/wp-content\\\/uploads\\\/2014\\\/11\\\/Skizze-S\u00fcdfassade.jpg\",\"datePublished\":\"2014-11-12T14:41:23+00:00\",\"dateModified\":\"2025-02-17T12:04:14+00:00\",\"breadcrumb\":{\"@id\":\"https:\\\/\\\/www.eundg.ch\\\/innen-architekt\\\/porta\\\/#breadcrumb\"},\"inLanguage\":\"en-US\",\"potentialAction\":[{\"@type\":\"ReadAction\",\"target\":[\"https:\\\/\\\/www.eundg.ch\\\/innen-architekt\\\/porta\\\/\"]}]},{\"@type\":\"ImageObject\",\"inLanguage\":\"en-US\",\"@id\":\"https:\\\/\\\/www.eundg.ch\\\/innen-architekt\\\/porta\\\/#primaryimage\",\"url\":\"https:\\\/\\\/www.eundg.ch\\\/innen-architekt\\\/wp-content\\\/uploads\\\/2014\\\/11\\\/Skizze-S\u00fcdfassade.jpg\",\"contentUrl\":\"https:\\\/\\\/www.eundg.ch\\\/innen-architekt\\\/wp-content\\\/uploads\\\/2014\\\/11\\\/Skizze-S\u00fcdfassade.jpg\",\"width\":800,\"height\":600,\"caption\":\"Skizze S\u00fcdfassade\"},{\"@type\":\"BreadcrumbList\",\"@id\":\"https:\\\/\\\/www.eundg.ch\\\/innen-architekt\\\/porta\\\/#breadcrumb\",\"itemListElement\":[{\"@type\":\"ListItem\",\"position\":1,\"name\":\"Start\",\"item\":\"https:\\\/\\\/www.eundg.ch\\\/innen-architekt\\\/\"},{\"@type\":\"ListItem\",\"position\":2,\"name\":\"Porta\"}]},{\"@type\":\"WebSite\",\"@id\":\"https:\\\/\\\/www.eundg.ch\\\/innen-architekt\\\/#website\",\"url\":\"https:\\\/\\\/www.eundg.ch\\\/innen-architekt\\\/\",\"name\":\"eundg\",\"description\":\"Umbauen im Bestand\",\"publisher\":{\"@id\":\"https:\\\/\\\/www.eundg.ch\\\/innen-architekt\\\/#organization\"},\"potentialAction\":[{\"@type\":\"SearchAction\",\"target\":{\"@type\":\"EntryPoint\",\"urlTemplate\":\"https:\\\/\\\/www.eundg.ch\\\/innen-architekt\\\/?s={search_term_string}\"},\"query-input\":{\"@type\":\"PropertyValueSpecification\",\"valueRequired\":true,\"valueName\":\"search_term_string\"}}],\"inLanguage\":\"en-US\"},{\"@type\":\"Organization\",\"@id\":\"https:\\\/\\\/www.eundg.ch\\\/innen-architekt\\\/#organization\",\"name\":\"eundg\",\"url\":\"https:\\\/\\\/www.eundg.ch\\\/innen-architekt\\\/\",\"logo\":{\"@type\":\"ImageObject\",\"inLanguage\":\"en-US\",\"@id\":\"https:\\\/\\\/www.eundg.ch\\\/innen-architekt\\\/#\\\/schema\\\/logo\\\/image\\\/\",\"url\":\"https:\\\/\\\/www.eundg.ch\\\/innen-architekt\\\/wp-content\\\/uploads\\\/2025\\\/01\\\/Header-eundg-e1737406698453.jpg\",\"contentUrl\":\"https:\\\/\\\/www.eundg.ch\\\/innen-architekt\\\/wp-content\\\/uploads\\\/2025\\\/01\\\/Header-eundg-e1737406698453.jpg\",\"width\":158,\"height\":48,\"caption\":\"eundg\"},\"image\":{\"@id\":\"https:\\\/\\\/www.eundg.ch\\\/innen-architekt\\\/#\\\/schema\\\/logo\\\/image\\\/\"}},{\"@type\":\"Person\",\"@id\":\"https:\\\/\\\/www.eundg.ch\\\/innen-architekt\\\/#\\\/schema\\\/person\\\/3bf8192ee5104d3f2bb7006f07f34a26\",\"name\":\"Markus Egger\",\"image\":{\"@type\":\"ImageObject\",\"inLanguage\":\"en-US\",\"@id\":\"https:\\\/\\\/secure.gravatar.com\\\/avatar\\\/db04ec7db63fbaf8d85abcc838850acfb8822f0c4d17938e7615f215074ed5c4?s=96&d=mm&r=g\",\"url\":\"https:\\\/\\\/secure.gravatar.com\\\/avatar\\\/db04ec7db63fbaf8d85abcc838850acfb8822f0c4d17938e7615f215074ed5c4?s=96&d=mm&r=g\",\"contentUrl\":\"https:\\\/\\\/secure.gravatar.com\\\/avatar\\\/db04ec7db63fbaf8d85abcc838850acfb8822f0c4d17938e7615f215074ed5c4?s=96&d=mm&r=g\",\"caption\":\"Markus Egger\"},\"url\":\"https:\\\/\\\/www.eundg.ch\\\/innen-architekt\\\/author\\\/markus\\\/\"}]}<\/script>\n<!-- \/ Yoast SEO plugin. -->","yoast_head_json":{"title":"Porta - eundg","robots":{"index":"index","follow":"follow","max-snippet":"max-snippet:-1","max-image-preview":"max-image-preview:large","max-video-preview":"max-video-preview:-1"},"canonical":"https:\/\/www.eundg.ch\/innen-architekt\/porta\/","og_locale":"en_US","og_type":"article","og_title":"Porta - eundg","og_description":"Ein Bauernhaus mit grossem Stallanbau im Unterengadin sollte umgebaut werden um den heutigen Wohnbed\u00fcrfnissen einer f\u00fcnfk\u00f6pfigen Familie zu entsprechen. Das Geb\u00e4ude befindet sich als eines von nur 170 Einzelobjekten im Inventar des schweizerischen Kulturg\u00fcterschutzes.....","og_url":"https:\/\/www.eundg.ch\/innen-architekt\/porta\/","og_site_name":"eundg","article_published_time":"2014-11-12T14:41:23+00:00","article_modified_time":"2025-02-17T12:04:14+00:00","og_image":[{"width":800,"height":600,"url":"https:\/\/www.eundg.ch\/innen-architekt\/wp-content\/uploads\/2014\/11\/Skizze-S\u00fcdfassade.jpg","type":"image\/jpeg"}],"author":"Markus Egger","twitter_card":"summary_large_image","twitter_misc":{"Written by":"Markus Egger","Est. reading time":"1 minute"},"schema":{"@context":"https:\/\/schema.org","@graph":[{"@type":"Article","@id":"https:\/\/www.eundg.ch\/innen-architekt\/porta\/#article","isPartOf":{"@id":"https:\/\/www.eundg.ch\/innen-architekt\/porta\/"},"author":{"name":"Markus Egger","@id":"https:\/\/www.eundg.ch\/innen-architekt\/#\/schema\/person\/3bf8192ee5104d3f2bb7006f07f34a26"},"headline":"Porta","datePublished":"2014-11-12T14:41:23+00:00","dateModified":"2025-02-17T12:04:14+00:00","mainEntityOfPage":{"@id":"https:\/\/www.eundg.ch\/innen-architekt\/porta\/"},"wordCount":240,"publisher":{"@id":"https:\/\/www.eundg.ch\/innen-architekt\/#organization"},"image":{"@id":"https:\/\/www.eundg.ch\/innen-architekt\/porta\/#primaryimage"},"thumbnailUrl":"https:\/\/www.eundg.ch\/innen-architekt\/wp-content\/uploads\/2014\/11\/Skizze-S\u00fcdfassade.jpg","keywords":["Bauernhaus","Bibliothek","D\u00e4mmputz","Denkmalpflege","engadiner Trichterfenster","Engadinerhaus","Engadinerhaus umbauen","gestockter Beton","historische Balkendecken","historisches Geb\u00e4ude","Holzbohlen","Kalkputz","Kopfsteinpfl\u00e4sterung","Kulturg\u00fcterschutz","Loggia","Schleppgaube","Siedlungsinventar","St\u00fcva","umbauen","Wirtschaftsraum"],"articleSection":["Projekte"],"inLanguage":"en-US"},{"@type":"WebPage","@id":"https:\/\/www.eundg.ch\/innen-architekt\/porta\/","url":"https:\/\/www.eundg.ch\/innen-architekt\/porta\/","name":"Porta - eundg","isPartOf":{"@id":"https:\/\/www.eundg.ch\/innen-architekt\/#website"},"primaryImageOfPage":{"@id":"https:\/\/www.eundg.ch\/innen-architekt\/porta\/#primaryimage"},"image":{"@id":"https:\/\/www.eundg.ch\/innen-architekt\/porta\/#primaryimage"},"thumbnailUrl":"https:\/\/www.eundg.ch\/innen-architekt\/wp-content\/uploads\/2014\/11\/Skizze-S\u00fcdfassade.jpg","datePublished":"2014-11-12T14:41:23+00:00","dateModified":"2025-02-17T12:04:14+00:00","breadcrumb":{"@id":"https:\/\/www.eundg.ch\/innen-architekt\/porta\/#breadcrumb"},"inLanguage":"en-US","potentialAction":[{"@type":"ReadAction","target":["https:\/\/www.eundg.ch\/innen-architekt\/porta\/"]}]},{"@type":"ImageObject","inLanguage":"en-US","@id":"https:\/\/www.eundg.ch\/innen-architekt\/porta\/#primaryimage","url":"https:\/\/www.eundg.ch\/innen-architekt\/wp-content\/uploads\/2014\/11\/Skizze-S\u00fcdfassade.jpg","contentUrl":"https:\/\/www.eundg.ch\/innen-architekt\/wp-content\/uploads\/2014\/11\/Skizze-S\u00fcdfassade.jpg","width":800,"height":600,"caption":"Skizze S\u00fcdfassade"},{"@type":"BreadcrumbList","@id":"https:\/\/www.eundg.ch\/innen-architekt\/porta\/#breadcrumb","itemListElement":[{"@type":"ListItem","position":1,"name":"Start","item":"https:\/\/www.eundg.ch\/innen-architekt\/"},{"@type":"ListItem","position":2,"name":"Porta"}]},{"@type":"WebSite","@id":"https:\/\/www.eundg.ch\/innen-architekt\/#website","url":"https:\/\/www.eundg.ch\/innen-architekt\/","name":"eundg","description":"Umbauen im Bestand","publisher":{"@id":"https:\/\/www.eundg.ch\/innen-architekt\/#organization"},"potentialAction":[{"@type":"SearchAction","target":{"@type":"EntryPoint","urlTemplate":"https:\/\/www.eundg.ch\/innen-architekt\/?s={search_term_string}"},"query-input":{"@type":"PropertyValueSpecification","valueRequired":true,"valueName":"search_term_string"}}],"inLanguage":"en-US"},{"@type":"Organization","@id":"https:\/\/www.eundg.ch\/innen-architekt\/#organization","name":"eundg","url":"https:\/\/www.eundg.ch\/innen-architekt\/","logo":{"@type":"ImageObject","inLanguage":"en-US","@id":"https:\/\/www.eundg.ch\/innen-architekt\/#\/schema\/logo\/image\/","url":"https:\/\/www.eundg.ch\/innen-architekt\/wp-content\/uploads\/2025\/01\/Header-eundg-e1737406698453.jpg","contentUrl":"https:\/\/www.eundg.ch\/innen-architekt\/wp-content\/uploads\/2025\/01\/Header-eundg-e1737406698453.jpg","width":158,"height":48,"caption":"eundg"},"image":{"@id":"https:\/\/www.eundg.ch\/innen-architekt\/#\/schema\/logo\/image\/"}},{"@type":"Person","@id":"https:\/\/www.eundg.ch\/innen-architekt\/#\/schema\/person\/3bf8192ee5104d3f2bb7006f07f34a26","name":"Markus Egger","image":{"@type":"ImageObject","inLanguage":"en-US","@id":"https:\/\/secure.gravatar.com\/avatar\/db04ec7db63fbaf8d85abcc838850acfb8822f0c4d17938e7615f215074ed5c4?s=96&d=mm&r=g","url":"https:\/\/secure.gravatar.com\/avatar\/db04ec7db63fbaf8d85abcc838850acfb8822f0c4d17938e7615f215074ed5c4?s=96&d=mm&r=g","contentUrl":"https:\/\/secure.gravatar.com\/avatar\/db04ec7db63fbaf8d85abcc838850acfb8822f0c4d17938e7615f215074ed5c4?s=96&d=mm&r=g","caption":"Markus Egger"},"url":"https:\/\/www.eundg.ch\/innen-architekt\/author\/markus\/"}]}},"_links":{"self":[{"href":"https:\/\/www.eundg.ch\/innen-architekt\/wp-json\/wp\/v2\/posts\/538","targetHints":{"allow":["GET"]}}],"collection":[{"href":"https:\/\/www.eundg.ch\/innen-architekt\/wp-json\/wp\/v2\/posts"}],"about":[{"href":"https:\/\/www.eundg.ch\/innen-architekt\/wp-json\/wp\/v2\/types\/post"}],"author":[{"embeddable":true,"href":"https:\/\/www.eundg.ch\/innen-architekt\/wp-json\/wp\/v2\/users\/2"}],"replies":[{"embeddable":true,"href":"https:\/\/www.eundg.ch\/innen-architekt\/wp-json\/wp\/v2\/comments?post=538"}],"version-history":[{"count":63,"href":"https:\/\/www.eundg.ch\/innen-architekt\/wp-json\/wp\/v2\/posts\/538\/revisions"}],"predecessor-version":[{"id":2022,"href":"https:\/\/www.eundg.ch\/innen-architekt\/wp-json\/wp\/v2\/posts\/538\/revisions\/2022"}],"wp:featuredmedia":[{"embeddable":true,"href":"https:\/\/www.eundg.ch\/innen-architekt\/wp-json\/wp\/v2\/media\/588"}],"wp:attachment":[{"href":"https:\/\/www.eundg.ch\/innen-architekt\/wp-json\/wp\/v2\/media?parent=538"}],"wp:term":[{"taxonomy":"category","embeddable":true,"href":"https:\/\/www.eundg.ch\/innen-architekt\/wp-json\/wp\/v2\/categories?post=538"},{"taxonomy":"post_tag","embeddable":true,"href":"https:\/\/www.eundg.ch\/innen-architekt\/wp-json\/wp\/v2\/tags?post=538"}],"curies":[{"name":"wp","href":"https:\/\/api.w.org\/{rel}","templated":true}]}}