{"id":5,"date":"2013-09-27T10:55:06","date_gmt":"2013-09-27T10:55:06","guid":{"rendered":"http:\/\/www.eundg.ch\/innen-architekt\/?p=5"},"modified":"2025-02-17T12:28:21","modified_gmt":"2025-02-17T12:28:21","slug":"laerche","status":"publish","type":"post","link":"https:\/\/www.eundg.ch\/innen-architekt\/laerche\/","title":{"rendered":"Loggia"},"content":{"rendered":"\n<p>Mit einem Annexbau&nbsp;wurde&nbsp;die Wohnung&nbsp;in diesem&nbsp;historischen Geb\u00e4ude erweitert und mit einer langen Loggia gegen aussen ge\u00f6ffnet.&nbsp;F\u00fcr den&nbsp;Innenausbau wurden Gestaltungselemente der&nbsp;urspr\u00fcnglichen Substanz aufgenommen und f\u00fcr die neue Nutzung uminterpretiert.&nbsp;Mit einem dezenten Materialwechsel wurde der Anbau vom&nbsp;historischen Geb\u00e4udeteil abgesetzt.&nbsp;Die alten B\u00f6den wurden sorgf\u00e4ltig demontiert und wiederverwendet. Die&nbsp;freigelegte Dachkonstruktion erh\u00e4lt mit&nbsp;der indirekten Raumbeleuchtung eine neue, zus\u00e4tzliche Funktion.<\/p>\n\n\n\n<p>Materialien:<br>B\u00f6den: Quarzit,&nbsp;Altholz<br>Innenausbau: L\u00e4rche<br>K\u00fcche: Liquidmetall<br>W\u00e4nde:&nbsp;terra di pietra<\/p>\n\n\n\n<div style=\"height:100px\" aria-hidden=\"true\" class=\"wp-block-spacer\"><\/div>\n\n\n\n<figure class=\"wp-block-image size-full\"><img loading=\"lazy\" decoding=\"async\" width=\"724\" height=\"600\" src=\"https:\/\/www.eundg.ch\/innen-architekt\/wp-content\/uploads\/2014\/06\/Wohnen.jpg\" alt=\"\" class=\"wp-image-51\" srcset=\"https:\/\/www.eundg.ch\/innen-architekt\/wp-content\/uploads\/2014\/06\/Wohnen.jpg 724w, https:\/\/www.eundg.ch\/innen-architekt\/wp-content\/uploads\/2014\/06\/Wohnen-300x248.jpg 300w\" sizes=\"auto, (max-width: 724px) 100vw, 724px\" \/><\/figure>\n\n\n\n<div style=\"height:100px\" aria-hidden=\"true\" class=\"wp-block-spacer\"><\/div>\n\n\n\n<figure class=\"wp-block-image alignleft size-full\"><img loading=\"lazy\" decoding=\"async\" width=\"800\" height=\"600\" src=\"https:\/\/www.eundg.ch\/innen-architekt\/wp-content\/uploads\/2014\/06\/Elternbad.jpg\" alt=\"\" class=\"wp-image-41\" srcset=\"https:\/\/www.eundg.ch\/innen-architekt\/wp-content\/uploads\/2014\/06\/Elternbad.jpg 800w, https:\/\/www.eundg.ch\/innen-architekt\/wp-content\/uploads\/2014\/06\/Elternbad-300x225.jpg 300w\" sizes=\"auto, (max-width: 800px) 100vw, 800px\" \/><\/figure>\n\n\n\n<div style=\"height:100px\" aria-hidden=\"true\" class=\"wp-block-spacer\"><\/div>\n\n\n\n<figure class=\"wp-block-image size-full\"><img loading=\"lazy\" decoding=\"async\" width=\"800\" height=\"600\" src=\"https:\/\/www.eundg.ch\/innen-architekt\/wp-content\/uploads\/2014\/06\/Wellness1.jpg\" alt=\"\" class=\"wp-image-50\" srcset=\"https:\/\/www.eundg.ch\/innen-architekt\/wp-content\/uploads\/2014\/06\/Wellness1.jpg 800w, https:\/\/www.eundg.ch\/innen-architekt\/wp-content\/uploads\/2014\/06\/Wellness1-300x225.jpg 300w\" sizes=\"auto, (max-width: 800px) 100vw, 800px\" \/><\/figure>\n\n\n\n<p><\/p>\n","protected":false},"excerpt":{"rendered":"<p>Mit einem Annexbau wurde die Wohnung in diesem historischen Geb\u00e4ude erweitert und mit einer langen Loggia gegen aussen ge\u00f6ffnet&#8230;.<\/p>\n","protected":false},"author":1,"featured_media":371,"comment_status":"closed","ping_status":"closed","sticky":false,"template":"","format":"standard","meta":{"footnotes":""},"categories":[3],"tags":[32,12,13,31,11,14],"class_list":["post-5","post","type-post","status-publish","format-standard","has-post-thumbnail","hentry","category-projekte","tag-historischer-bau","tag-laerche","tag-liquidmetall","tag-loggia","tag-quarzit","tag-terra-di-pietra"],"yoast_head":"<!-- This site is optimized with the Yoast SEO plugin v27.5 - https:\/\/yoast.com\/product\/yoast-seo-wordpress\/ -->\n<title>Loggia - eundg<\/title>\n<meta name=\"robots\" content=\"index, follow, max-snippet:-1, max-image-preview:large, max-video-preview:-1\" \/>\n<link rel=\"canonical\" href=\"https:\/\/www.eundg.ch\/innen-architekt\/laerche\/\" \/>\n<meta property=\"og:locale\" content=\"en_US\" \/>\n<meta property=\"og:type\" content=\"article\" \/>\n<meta property=\"og:title\" content=\"Loggia - eundg\" \/>\n<meta property=\"og:description\" content=\"Mit einem Annexbau wurde die Wohnung in diesem historischen Geb\u00e4ude erweitert und mit einer langen Loggia gegen aussen ge\u00f6ffnet....\" \/>\n<meta property=\"og:url\" content=\"https:\/\/www.eundg.ch\/innen-architekt\/laerche\/\" \/>\n<meta property=\"og:site_name\" content=\"eundg\" \/>\n<meta property=\"article:published_time\" content=\"2013-09-27T10:55:06+00:00\" \/>\n<meta property=\"article:modified_time\" content=\"2025-02-17T12:28:21+00:00\" \/>\n<meta property=\"og:image\" content=\"https:\/\/www.eundg.ch\/innen-architekt\/wp-content\/uploads\/2012\/07\/Schwalbenschwanz.jpg\" \/>\n\t<meta property=\"og:image:width\" content=\"800\" \/>\n\t<meta property=\"og:image:height\" content=\"600\" \/>\n\t<meta property=\"og:image:type\" content=\"image\/jpeg\" \/>\n<meta name=\"author\" content=\"admin\" \/>\n<meta name=\"twitter:card\" content=\"summary_large_image\" \/>\n<meta name=\"twitter:label1\" content=\"Written by\" \/>\n\t<meta name=\"twitter:data1\" content=\"admin\" \/>\n\t<meta name=\"twitter:label2\" content=\"Est. reading time\" \/>\n\t<meta name=\"twitter:data2\" content=\"1 minute\" \/>\n<script type=\"application\/ld+json\" class=\"yoast-schema-graph\">{\"@context\":\"https:\\\/\\\/schema.org\",\"@graph\":[{\"@type\":\"Article\",\"@id\":\"https:\\\/\\\/www.eundg.ch\\\/innen-architekt\\\/laerche\\\/#article\",\"isPartOf\":{\"@id\":\"https:\\\/\\\/www.eundg.ch\\\/innen-architekt\\\/laerche\\\/\"},\"author\":{\"name\":\"admin\",\"@id\":\"https:\\\/\\\/www.eundg.ch\\\/innen-architekt\\\/#\\\/schema\\\/person\\\/e57594dbc742ad5ab98519ef63fd8cbc\"},\"headline\":\"Loggia\",\"datePublished\":\"2013-09-27T10:55:06+00:00\",\"dateModified\":\"2025-02-17T12:28:21+00:00\",\"mainEntityOfPage\":{\"@id\":\"https:\\\/\\\/www.eundg.ch\\\/innen-architekt\\\/laerche\\\/\"},\"wordCount\":103,\"publisher\":{\"@id\":\"https:\\\/\\\/www.eundg.ch\\\/innen-architekt\\\/#organization\"},\"image\":{\"@id\":\"https:\\\/\\\/www.eundg.ch\\\/innen-architekt\\\/laerche\\\/#primaryimage\"},\"thumbnailUrl\":\"https:\\\/\\\/www.eundg.ch\\\/innen-architekt\\\/wp-content\\\/uploads\\\/2012\\\/07\\\/Schwalbenschwanz.jpg\",\"keywords\":[\"historischer Bau\",\"L\u00e4rche\",\"Liquidmetall\",\"Loggia\",\"Quarzit\",\"terra di pietra\"],\"articleSection\":[\"Projekte\"],\"inLanguage\":\"en-US\"},{\"@type\":\"WebPage\",\"@id\":\"https:\\\/\\\/www.eundg.ch\\\/innen-architekt\\\/laerche\\\/\",\"url\":\"https:\\\/\\\/www.eundg.ch\\\/innen-architekt\\\/laerche\\\/\",\"name\":\"Loggia - eundg\",\"isPartOf\":{\"@id\":\"https:\\\/\\\/www.eundg.ch\\\/innen-architekt\\\/#website\"},\"primaryImageOfPage\":{\"@id\":\"https:\\\/\\\/www.eundg.ch\\\/innen-architekt\\\/laerche\\\/#primaryimage\"},\"image\":{\"@id\":\"https:\\\/\\\/www.eundg.ch\\\/innen-architekt\\\/laerche\\\/#primaryimage\"},\"thumbnailUrl\":\"https:\\\/\\\/www.eundg.ch\\\/innen-architekt\\\/wp-content\\\/uploads\\\/2012\\\/07\\\/Schwalbenschwanz.jpg\",\"datePublished\":\"2013-09-27T10:55:06+00:00\",\"dateModified\":\"2025-02-17T12:28:21+00:00\",\"breadcrumb\":{\"@id\":\"https:\\\/\\\/www.eundg.ch\\\/innen-architekt\\\/laerche\\\/#breadcrumb\"},\"inLanguage\":\"en-US\",\"potentialAction\":[{\"@type\":\"ReadAction\",\"target\":[\"https:\\\/\\\/www.eundg.ch\\\/innen-architekt\\\/laerche\\\/\"]}]},{\"@type\":\"ImageObject\",\"inLanguage\":\"en-US\",\"@id\":\"https:\\\/\\\/www.eundg.ch\\\/innen-architekt\\\/laerche\\\/#primaryimage\",\"url\":\"https:\\\/\\\/www.eundg.ch\\\/innen-architekt\\\/wp-content\\\/uploads\\\/2012\\\/07\\\/Schwalbenschwanz.jpg\",\"contentUrl\":\"https:\\\/\\\/www.eundg.ch\\\/innen-architekt\\\/wp-content\\\/uploads\\\/2012\\\/07\\\/Schwalbenschwanz.jpg\",\"width\":800,\"height\":600},{\"@type\":\"BreadcrumbList\",\"@id\":\"https:\\\/\\\/www.eundg.ch\\\/innen-architekt\\\/laerche\\\/#breadcrumb\",\"itemListElement\":[{\"@type\":\"ListItem\",\"position\":1,\"name\":\"Start\",\"item\":\"https:\\\/\\\/www.eundg.ch\\\/innen-architekt\\\/\"},{\"@type\":\"ListItem\",\"position\":2,\"name\":\"Loggia\"}]},{\"@type\":\"WebSite\",\"@id\":\"https:\\\/\\\/www.eundg.ch\\\/innen-architekt\\\/#website\",\"url\":\"https:\\\/\\\/www.eundg.ch\\\/innen-architekt\\\/\",\"name\":\"eundg\",\"description\":\"Umbauen im Bestand\",\"publisher\":{\"@id\":\"https:\\\/\\\/www.eundg.ch\\\/innen-architekt\\\/#organization\"},\"potentialAction\":[{\"@type\":\"SearchAction\",\"target\":{\"@type\":\"EntryPoint\",\"urlTemplate\":\"https:\\\/\\\/www.eundg.ch\\\/innen-architekt\\\/?s={search_term_string}\"},\"query-input\":{\"@type\":\"PropertyValueSpecification\",\"valueRequired\":true,\"valueName\":\"search_term_string\"}}],\"inLanguage\":\"en-US\"},{\"@type\":\"Organization\",\"@id\":\"https:\\\/\\\/www.eundg.ch\\\/innen-architekt\\\/#organization\",\"name\":\"eundg\",\"url\":\"https:\\\/\\\/www.eundg.ch\\\/innen-architekt\\\/\",\"logo\":{\"@type\":\"ImageObject\",\"inLanguage\":\"en-US\",\"@id\":\"https:\\\/\\\/www.eundg.ch\\\/innen-architekt\\\/#\\\/schema\\\/logo\\\/image\\\/\",\"url\":\"https:\\\/\\\/www.eundg.ch\\\/innen-architekt\\\/wp-content\\\/uploads\\\/2025\\\/01\\\/Header-eundg-e1737406698453.jpg\",\"contentUrl\":\"https:\\\/\\\/www.eundg.ch\\\/innen-architekt\\\/wp-content\\\/uploads\\\/2025\\\/01\\\/Header-eundg-e1737406698453.jpg\",\"width\":158,\"height\":48,\"caption\":\"eundg\"},\"image\":{\"@id\":\"https:\\\/\\\/www.eundg.ch\\\/innen-architekt\\\/#\\\/schema\\\/logo\\\/image\\\/\"}},{\"@type\":\"Person\",\"@id\":\"https:\\\/\\\/www.eundg.ch\\\/innen-architekt\\\/#\\\/schema\\\/person\\\/e57594dbc742ad5ab98519ef63fd8cbc\",\"name\":\"admin\",\"image\":{\"@type\":\"ImageObject\",\"inLanguage\":\"en-US\",\"@id\":\"https:\\\/\\\/secure.gravatar.com\\\/avatar\\\/e7fa3c2c82e6dfcc1d264a8dfb9db1cf67ef110b55089f0cf5c8c955a3551cdb?s=96&d=mm&r=g\",\"url\":\"https:\\\/\\\/secure.gravatar.com\\\/avatar\\\/e7fa3c2c82e6dfcc1d264a8dfb9db1cf67ef110b55089f0cf5c8c955a3551cdb?s=96&d=mm&r=g\",\"contentUrl\":\"https:\\\/\\\/secure.gravatar.com\\\/avatar\\\/e7fa3c2c82e6dfcc1d264a8dfb9db1cf67ef110b55089f0cf5c8c955a3551cdb?s=96&d=mm&r=g\",\"caption\":\"admin\"},\"url\":\"https:\\\/\\\/www.eundg.ch\\\/innen-architekt\\\/author\\\/admin\\\/\"}]}<\/script>\n<!-- \/ Yoast SEO plugin. -->","yoast_head_json":{"title":"Loggia - eundg","robots":{"index":"index","follow":"follow","max-snippet":"max-snippet:-1","max-image-preview":"max-image-preview:large","max-video-preview":"max-video-preview:-1"},"canonical":"https:\/\/www.eundg.ch\/innen-architekt\/laerche\/","og_locale":"en_US","og_type":"article","og_title":"Loggia - eundg","og_description":"Mit einem Annexbau wurde die Wohnung in diesem historischen Geb\u00e4ude erweitert und mit einer langen Loggia gegen aussen ge\u00f6ffnet....","og_url":"https:\/\/www.eundg.ch\/innen-architekt\/laerche\/","og_site_name":"eundg","article_published_time":"2013-09-27T10:55:06+00:00","article_modified_time":"2025-02-17T12:28:21+00:00","og_image":[{"width":800,"height":600,"url":"https:\/\/www.eundg.ch\/innen-architekt\/wp-content\/uploads\/2012\/07\/Schwalbenschwanz.jpg","type":"image\/jpeg"}],"author":"admin","twitter_card":"summary_large_image","twitter_misc":{"Written by":"admin","Est. reading time":"1 minute"},"schema":{"@context":"https:\/\/schema.org","@graph":[{"@type":"Article","@id":"https:\/\/www.eundg.ch\/innen-architekt\/laerche\/#article","isPartOf":{"@id":"https:\/\/www.eundg.ch\/innen-architekt\/laerche\/"},"author":{"name":"admin","@id":"https:\/\/www.eundg.ch\/innen-architekt\/#\/schema\/person\/e57594dbc742ad5ab98519ef63fd8cbc"},"headline":"Loggia","datePublished":"2013-09-27T10:55:06+00:00","dateModified":"2025-02-17T12:28:21+00:00","mainEntityOfPage":{"@id":"https:\/\/www.eundg.ch\/innen-architekt\/laerche\/"},"wordCount":103,"publisher":{"@id":"https:\/\/www.eundg.ch\/innen-architekt\/#organization"},"image":{"@id":"https:\/\/www.eundg.ch\/innen-architekt\/laerche\/#primaryimage"},"thumbnailUrl":"https:\/\/www.eundg.ch\/innen-architekt\/wp-content\/uploads\/2012\/07\/Schwalbenschwanz.jpg","keywords":["historischer Bau","L\u00e4rche","Liquidmetall","Loggia","Quarzit","terra di pietra"],"articleSection":["Projekte"],"inLanguage":"en-US"},{"@type":"WebPage","@id":"https:\/\/www.eundg.ch\/innen-architekt\/laerche\/","url":"https:\/\/www.eundg.ch\/innen-architekt\/laerche\/","name":"Loggia - eundg","isPartOf":{"@id":"https:\/\/www.eundg.ch\/innen-architekt\/#website"},"primaryImageOfPage":{"@id":"https:\/\/www.eundg.ch\/innen-architekt\/laerche\/#primaryimage"},"image":{"@id":"https:\/\/www.eundg.ch\/innen-architekt\/laerche\/#primaryimage"},"thumbnailUrl":"https:\/\/www.eundg.ch\/innen-architekt\/wp-content\/uploads\/2012\/07\/Schwalbenschwanz.jpg","datePublished":"2013-09-27T10:55:06+00:00","dateModified":"2025-02-17T12:28:21+00:00","breadcrumb":{"@id":"https:\/\/www.eundg.ch\/innen-architekt\/laerche\/#breadcrumb"},"inLanguage":"en-US","potentialAction":[{"@type":"ReadAction","target":["https:\/\/www.eundg.ch\/innen-architekt\/laerche\/"]}]},{"@type":"ImageObject","inLanguage":"en-US","@id":"https:\/\/www.eundg.ch\/innen-architekt\/laerche\/#primaryimage","url":"https:\/\/www.eundg.ch\/innen-architekt\/wp-content\/uploads\/2012\/07\/Schwalbenschwanz.jpg","contentUrl":"https:\/\/www.eundg.ch\/innen-architekt\/wp-content\/uploads\/2012\/07\/Schwalbenschwanz.jpg","width":800,"height":600},{"@type":"BreadcrumbList","@id":"https:\/\/www.eundg.ch\/innen-architekt\/laerche\/#breadcrumb","itemListElement":[{"@type":"ListItem","position":1,"name":"Start","item":"https:\/\/www.eundg.ch\/innen-architekt\/"},{"@type":"ListItem","position":2,"name":"Loggia"}]},{"@type":"WebSite","@id":"https:\/\/www.eundg.ch\/innen-architekt\/#website","url":"https:\/\/www.eundg.ch\/innen-architekt\/","name":"eundg","description":"Umbauen im Bestand","publisher":{"@id":"https:\/\/www.eundg.ch\/innen-architekt\/#organization"},"potentialAction":[{"@type":"SearchAction","target":{"@type":"EntryPoint","urlTemplate":"https:\/\/www.eundg.ch\/innen-architekt\/?s={search_term_string}"},"query-input":{"@type":"PropertyValueSpecification","valueRequired":true,"valueName":"search_term_string"}}],"inLanguage":"en-US"},{"@type":"Organization","@id":"https:\/\/www.eundg.ch\/innen-architekt\/#organization","name":"eundg","url":"https:\/\/www.eundg.ch\/innen-architekt\/","logo":{"@type":"ImageObject","inLanguage":"en-US","@id":"https:\/\/www.eundg.ch\/innen-architekt\/#\/schema\/logo\/image\/","url":"https:\/\/www.eundg.ch\/innen-architekt\/wp-content\/uploads\/2025\/01\/Header-eundg-e1737406698453.jpg","contentUrl":"https:\/\/www.eundg.ch\/innen-architekt\/wp-content\/uploads\/2025\/01\/Header-eundg-e1737406698453.jpg","width":158,"height":48,"caption":"eundg"},"image":{"@id":"https:\/\/www.eundg.ch\/innen-architekt\/#\/schema\/logo\/image\/"}},{"@type":"Person","@id":"https:\/\/www.eundg.ch\/innen-architekt\/#\/schema\/person\/e57594dbc742ad5ab98519ef63fd8cbc","name":"admin","image":{"@type":"ImageObject","inLanguage":"en-US","@id":"https:\/\/secure.gravatar.com\/avatar\/e7fa3c2c82e6dfcc1d264a8dfb9db1cf67ef110b55089f0cf5c8c955a3551cdb?s=96&d=mm&r=g","url":"https:\/\/secure.gravatar.com\/avatar\/e7fa3c2c82e6dfcc1d264a8dfb9db1cf67ef110b55089f0cf5c8c955a3551cdb?s=96&d=mm&r=g","contentUrl":"https:\/\/secure.gravatar.com\/avatar\/e7fa3c2c82e6dfcc1d264a8dfb9db1cf67ef110b55089f0cf5c8c955a3551cdb?s=96&d=mm&r=g","caption":"admin"},"url":"https:\/\/www.eundg.ch\/innen-architekt\/author\/admin\/"}]}},"_links":{"self":[{"href":"https:\/\/www.eundg.ch\/innen-architekt\/wp-json\/wp\/v2\/posts\/5","targetHints":{"allow":["GET"]}}],"collection":[{"href":"https:\/\/www.eundg.ch\/innen-architekt\/wp-json\/wp\/v2\/posts"}],"about":[{"href":"https:\/\/www.eundg.ch\/innen-architekt\/wp-json\/wp\/v2\/types\/post"}],"author":[{"embeddable":true,"href":"https:\/\/www.eundg.ch\/innen-architekt\/wp-json\/wp\/v2\/users\/1"}],"replies":[{"embeddable":true,"href":"https:\/\/www.eundg.ch\/innen-architekt\/wp-json\/wp\/v2\/comments?post=5"}],"version-history":[{"count":29,"href":"https:\/\/www.eundg.ch\/innen-architekt\/wp-json\/wp\/v2\/posts\/5\/revisions"}],"predecessor-version":[{"id":2029,"href":"https:\/\/www.eundg.ch\/innen-architekt\/wp-json\/wp\/v2\/posts\/5\/revisions\/2029"}],"wp:featuredmedia":[{"embeddable":true,"href":"https:\/\/www.eundg.ch\/innen-architekt\/wp-json\/wp\/v2\/media\/371"}],"wp:attachment":[{"href":"https:\/\/www.eundg.ch\/innen-architekt\/wp-json\/wp\/v2\/media?parent=5"}],"wp:term":[{"taxonomy":"category","embeddable":true,"href":"https:\/\/www.eundg.ch\/innen-architekt\/wp-json\/wp\/v2\/categories?post=5"},{"taxonomy":"post_tag","embeddable":true,"href":"https:\/\/www.eundg.ch\/innen-architekt\/wp-json\/wp\/v2\/tags?post=5"}],"curies":[{"name":"wp","href":"https:\/\/api.w.org\/{rel}","templated":true}]}}