{"id":435,"date":"2014-04-14T10:39:55","date_gmt":"2014-04-14T10:39:55","guid":{"rendered":"http:\/\/www.eundg.ch\/innen-architekt\/?p=435"},"modified":"2025-02-17T12:23:15","modified_gmt":"2025-02-17T12:23:15","slug":"in-die-mitte-gerueckt","status":"publish","type":"post","link":"https:\/\/www.eundg.ch\/innen-architekt\/in-die-mitte-gerueckt\/","title":{"rendered":"in die Mitte ger\u00fcckt"},"content":{"rendered":"\n<p>Bei der&nbsp;ger\u00e4umigen Vierzimmerwohnung in einem Haus aus den fr\u00fchen 1970er Jahren fehlt das f\u00fcr diese Zeit \u00fcbliche Esszimmer. Zum Essen diente ein K\u00fcchentisch,&nbsp;der in&nbsp;dem fast quadratischen K\u00fcchengrundriss in einer&nbsp;Ecke untergebracht war. Eine klassische &#8220;K\u00fcche mit Essgelegenheit&#8221;.<br>Mit unserem Eingriff haben wir&nbsp;den Esstisch als Begegnungsort ins Zentrum ger\u00fcckt.  Mit&nbsp;dem wohnlichen Ambiente&nbsp;ist die K\u00fcche&nbsp;jetzt &#8220;Esszimmer mit Kochgelegenheit&#8221;.<\/p>\n\n\n\n<p>Materialien:<br>Eiche furniert, geb\u00fcrstet<br>Steinabdeckung Nero assoluto<br>Textilien Rohleinen, Wollfilz<\/p>\n\n\n\n<div style=\"height:100px\" aria-hidden=\"true\" class=\"wp-block-spacer\"><\/div>\n\n\n\n<figure class=\"wp-block-image size-full\"><img loading=\"lazy\" decoding=\"async\" width=\"800\" height=\"600\" src=\"https:\/\/www.eundg.ch\/innen-architekt\/wp-content\/uploads\/2014\/11\/P1020751.jpg\" alt=\"\" class=\"wp-image-445\" srcset=\"https:\/\/www.eundg.ch\/innen-architekt\/wp-content\/uploads\/2014\/11\/P1020751.jpg 800w, https:\/\/www.eundg.ch\/innen-architekt\/wp-content\/uploads\/2014\/11\/P1020751-300x225.jpg 300w\" sizes=\"auto, (max-width: 800px) 100vw, 800px\" \/><\/figure>\n\n\n\n<div style=\"height:100px\" aria-hidden=\"true\" class=\"wp-block-spacer\"><\/div>\n\n\n\n<figure class=\"wp-block-image aligncenter size-full\"><img loading=\"lazy\" decoding=\"async\" width=\"800\" height=\"600\" src=\"https:\/\/www.eundg.ch\/innen-architekt\/wp-content\/uploads\/2014\/11\/DSC03183.jpg\" alt=\"\" class=\"wp-image-437\" srcset=\"https:\/\/www.eundg.ch\/innen-architekt\/wp-content\/uploads\/2014\/11\/DSC03183.jpg 800w, https:\/\/www.eundg.ch\/innen-architekt\/wp-content\/uploads\/2014\/11\/DSC03183-300x225.jpg 300w\" sizes=\"auto, (max-width: 800px) 100vw, 800px\" \/><\/figure>\n\n\n\n<div style=\"height:100px\" aria-hidden=\"true\" class=\"wp-block-spacer\"><\/div>\n\n\n\n<figure class=\"wp-block-image size-full\"><img loading=\"lazy\" decoding=\"async\" width=\"800\" height=\"600\" src=\"https:\/\/www.eundg.ch\/innen-architekt\/wp-content\/uploads\/2014\/11\/P1020743.jpg\" alt=\"\" class=\"wp-image-444\" srcset=\"https:\/\/www.eundg.ch\/innen-architekt\/wp-content\/uploads\/2014\/11\/P1020743.jpg 800w, https:\/\/www.eundg.ch\/innen-architekt\/wp-content\/uploads\/2014\/11\/P1020743-300x225.jpg 300w\" sizes=\"auto, (max-width: 800px) 100vw, 800px\" \/><\/figure>\n\n\n\n<p><\/p>\n","protected":false},"excerpt":{"rendered":"<p>Bei der ger\u00e4umigen Vierzimmerwohnung in einem Haus aus den fr\u00fchen 70er Jahren, wurde auf das f\u00fcr diese Zeit \u00fcbliche Esszimmer verzichtet&#8230;<\/p>\n","protected":false},"author":2,"featured_media":1222,"comment_status":"closed","ping_status":"closed","sticky":false,"template":"","format":"standard","meta":{"footnotes":""},"categories":[3],"tags":[62,5,61,63,60],"class_list":["post-435","post","type-post","status-publish","format-standard","has-post-thumbnail","hentry","category-projekte","tag-eckbank","tag-eiche","tag-esszimmer-mit-kochgelegenheit","tag-nero-assoluto","tag-zentrum"],"yoast_head":"<!-- This site is optimized with the Yoast SEO plugin v27.5 - https:\/\/yoast.com\/product\/yoast-seo-wordpress\/ -->\n<title>in die Mitte ger\u00fcckt - eundg<\/title>\n<meta name=\"robots\" content=\"index, follow, max-snippet:-1, max-image-preview:large, max-video-preview:-1\" \/>\n<link rel=\"canonical\" href=\"https:\/\/www.eundg.ch\/innen-architekt\/in-die-mitte-gerueckt\/\" \/>\n<meta property=\"og:locale\" content=\"en_US\" \/>\n<meta property=\"og:type\" content=\"article\" \/>\n<meta property=\"og:title\" content=\"in die Mitte ger\u00fcckt - eundg\" \/>\n<meta property=\"og:description\" content=\"Bei der ger\u00e4umigen Vierzimmerwohnung in einem Haus aus den fr\u00fchen 70er Jahren, wurde auf das f\u00fcr diese Zeit \u00fcbliche Esszimmer verzichtet...\" \/>\n<meta property=\"og:url\" content=\"https:\/\/www.eundg.ch\/innen-architekt\/in-die-mitte-gerueckt\/\" \/>\n<meta property=\"og:site_name\" content=\"eundg\" \/>\n<meta property=\"article:published_time\" content=\"2014-04-14T10:39:55+00:00\" \/>\n<meta property=\"article:modified_time\" content=\"2025-02-17T12:23:15+00:00\" \/>\n<meta property=\"og:image\" content=\"https:\/\/www.eundg.ch\/innen-architekt\/wp-content\/uploads\/2021\/03\/Entwurf-Grundrissvarianten2.jpg\" \/>\n\t<meta property=\"og:image:width\" content=\"662\" \/>\n\t<meta property=\"og:image:height\" content=\"381\" \/>\n\t<meta property=\"og:image:type\" content=\"image\/jpeg\" \/>\n<meta name=\"author\" content=\"Markus Egger\" \/>\n<meta name=\"twitter:card\" content=\"summary_large_image\" \/>\n<meta name=\"twitter:label1\" content=\"Written by\" \/>\n\t<meta name=\"twitter:data1\" content=\"Markus Egger\" \/>\n<script type=\"application\/ld+json\" class=\"yoast-schema-graph\">{\"@context\":\"https:\\\/\\\/schema.org\",\"@graph\":[{\"@type\":\"Article\",\"@id\":\"https:\\\/\\\/www.eundg.ch\\\/innen-architekt\\\/in-die-mitte-gerueckt\\\/#article\",\"isPartOf\":{\"@id\":\"https:\\\/\\\/www.eundg.ch\\\/innen-architekt\\\/in-die-mitte-gerueckt\\\/\"},\"author\":{\"name\":\"Markus Egger\",\"@id\":\"https:\\\/\\\/www.eundg.ch\\\/innen-architekt\\\/#\\\/schema\\\/person\\\/3bf8192ee5104d3f2bb7006f07f34a26\"},\"headline\":\"in die Mitte ger\u00fcckt\",\"datePublished\":\"2014-04-14T10:39:55+00:00\",\"dateModified\":\"2025-02-17T12:23:15+00:00\",\"mainEntityOfPage\":{\"@id\":\"https:\\\/\\\/www.eundg.ch\\\/innen-architekt\\\/in-die-mitte-gerueckt\\\/\"},\"wordCount\":93,\"publisher\":{\"@id\":\"https:\\\/\\\/www.eundg.ch\\\/innen-architekt\\\/#organization\"},\"image\":{\"@id\":\"https:\\\/\\\/www.eundg.ch\\\/innen-architekt\\\/in-die-mitte-gerueckt\\\/#primaryimage\"},\"thumbnailUrl\":\"https:\\\/\\\/www.eundg.ch\\\/innen-architekt\\\/wp-content\\\/uploads\\\/2021\\\/03\\\/Entwurf-Grundrissvarianten2.jpg\",\"keywords\":[\"Eckbank\",\"Eiche\",\"Esszimmer mit Kochgelegenheit\",\"Nero assoluto\",\"Zentrum\"],\"articleSection\":[\"Projekte\"],\"inLanguage\":\"en-US\"},{\"@type\":\"WebPage\",\"@id\":\"https:\\\/\\\/www.eundg.ch\\\/innen-architekt\\\/in-die-mitte-gerueckt\\\/\",\"url\":\"https:\\\/\\\/www.eundg.ch\\\/innen-architekt\\\/in-die-mitte-gerueckt\\\/\",\"name\":\"in die Mitte ger\u00fcckt - eundg\",\"isPartOf\":{\"@id\":\"https:\\\/\\\/www.eundg.ch\\\/innen-architekt\\\/#website\"},\"primaryImageOfPage\":{\"@id\":\"https:\\\/\\\/www.eundg.ch\\\/innen-architekt\\\/in-die-mitte-gerueckt\\\/#primaryimage\"},\"image\":{\"@id\":\"https:\\\/\\\/www.eundg.ch\\\/innen-architekt\\\/in-die-mitte-gerueckt\\\/#primaryimage\"},\"thumbnailUrl\":\"https:\\\/\\\/www.eundg.ch\\\/innen-architekt\\\/wp-content\\\/uploads\\\/2021\\\/03\\\/Entwurf-Grundrissvarianten2.jpg\",\"datePublished\":\"2014-04-14T10:39:55+00:00\",\"dateModified\":\"2025-02-17T12:23:15+00:00\",\"breadcrumb\":{\"@id\":\"https:\\\/\\\/www.eundg.ch\\\/innen-architekt\\\/in-die-mitte-gerueckt\\\/#breadcrumb\"},\"inLanguage\":\"en-US\",\"potentialAction\":[{\"@type\":\"ReadAction\",\"target\":[\"https:\\\/\\\/www.eundg.ch\\\/innen-architekt\\\/in-die-mitte-gerueckt\\\/\"]}]},{\"@type\":\"ImageObject\",\"inLanguage\":\"en-US\",\"@id\":\"https:\\\/\\\/www.eundg.ch\\\/innen-architekt\\\/in-die-mitte-gerueckt\\\/#primaryimage\",\"url\":\"https:\\\/\\\/www.eundg.ch\\\/innen-architekt\\\/wp-content\\\/uploads\\\/2021\\\/03\\\/Entwurf-Grundrissvarianten2.jpg\",\"contentUrl\":\"https:\\\/\\\/www.eundg.ch\\\/innen-architekt\\\/wp-content\\\/uploads\\\/2021\\\/03\\\/Entwurf-Grundrissvarianten2.jpg\",\"width\":662,\"height\":381},{\"@type\":\"BreadcrumbList\",\"@id\":\"https:\\\/\\\/www.eundg.ch\\\/innen-architekt\\\/in-die-mitte-gerueckt\\\/#breadcrumb\",\"itemListElement\":[{\"@type\":\"ListItem\",\"position\":1,\"name\":\"Start\",\"item\":\"https:\\\/\\\/www.eundg.ch\\\/innen-architekt\\\/\"},{\"@type\":\"ListItem\",\"position\":2,\"name\":\"in die Mitte ger\u00fcckt\"}]},{\"@type\":\"WebSite\",\"@id\":\"https:\\\/\\\/www.eundg.ch\\\/innen-architekt\\\/#website\",\"url\":\"https:\\\/\\\/www.eundg.ch\\\/innen-architekt\\\/\",\"name\":\"eundg\",\"description\":\"Umbauen im Bestand\",\"publisher\":{\"@id\":\"https:\\\/\\\/www.eundg.ch\\\/innen-architekt\\\/#organization\"},\"potentialAction\":[{\"@type\":\"SearchAction\",\"target\":{\"@type\":\"EntryPoint\",\"urlTemplate\":\"https:\\\/\\\/www.eundg.ch\\\/innen-architekt\\\/?s={search_term_string}\"},\"query-input\":{\"@type\":\"PropertyValueSpecification\",\"valueRequired\":true,\"valueName\":\"search_term_string\"}}],\"inLanguage\":\"en-US\"},{\"@type\":\"Organization\",\"@id\":\"https:\\\/\\\/www.eundg.ch\\\/innen-architekt\\\/#organization\",\"name\":\"eundg\",\"url\":\"https:\\\/\\\/www.eundg.ch\\\/innen-architekt\\\/\",\"logo\":{\"@type\":\"ImageObject\",\"inLanguage\":\"en-US\",\"@id\":\"https:\\\/\\\/www.eundg.ch\\\/innen-architekt\\\/#\\\/schema\\\/logo\\\/image\\\/\",\"url\":\"https:\\\/\\\/www.eundg.ch\\\/innen-architekt\\\/wp-content\\\/uploads\\\/2025\\\/01\\\/Header-eundg-e1737406698453.jpg\",\"contentUrl\":\"https:\\\/\\\/www.eundg.ch\\\/innen-architekt\\\/wp-content\\\/uploads\\\/2025\\\/01\\\/Header-eundg-e1737406698453.jpg\",\"width\":158,\"height\":48,\"caption\":\"eundg\"},\"image\":{\"@id\":\"https:\\\/\\\/www.eundg.ch\\\/innen-architekt\\\/#\\\/schema\\\/logo\\\/image\\\/\"}},{\"@type\":\"Person\",\"@id\":\"https:\\\/\\\/www.eundg.ch\\\/innen-architekt\\\/#\\\/schema\\\/person\\\/3bf8192ee5104d3f2bb7006f07f34a26\",\"name\":\"Markus Egger\",\"image\":{\"@type\":\"ImageObject\",\"inLanguage\":\"en-US\",\"@id\":\"https:\\\/\\\/secure.gravatar.com\\\/avatar\\\/db04ec7db63fbaf8d85abcc838850acfb8822f0c4d17938e7615f215074ed5c4?s=96&d=mm&r=g\",\"url\":\"https:\\\/\\\/secure.gravatar.com\\\/avatar\\\/db04ec7db63fbaf8d85abcc838850acfb8822f0c4d17938e7615f215074ed5c4?s=96&d=mm&r=g\",\"contentUrl\":\"https:\\\/\\\/secure.gravatar.com\\\/avatar\\\/db04ec7db63fbaf8d85abcc838850acfb8822f0c4d17938e7615f215074ed5c4?s=96&d=mm&r=g\",\"caption\":\"Markus Egger\"},\"url\":\"https:\\\/\\\/www.eundg.ch\\\/innen-architekt\\\/author\\\/markus\\\/\"}]}<\/script>\n<!-- \/ Yoast SEO plugin. -->","yoast_head_json":{"title":"in die Mitte ger\u00fcckt - eundg","robots":{"index":"index","follow":"follow","max-snippet":"max-snippet:-1","max-image-preview":"max-image-preview:large","max-video-preview":"max-video-preview:-1"},"canonical":"https:\/\/www.eundg.ch\/innen-architekt\/in-die-mitte-gerueckt\/","og_locale":"en_US","og_type":"article","og_title":"in die Mitte ger\u00fcckt - eundg","og_description":"Bei der ger\u00e4umigen Vierzimmerwohnung in einem Haus aus den fr\u00fchen 70er Jahren, wurde auf das f\u00fcr diese Zeit \u00fcbliche Esszimmer verzichtet...","og_url":"https:\/\/www.eundg.ch\/innen-architekt\/in-die-mitte-gerueckt\/","og_site_name":"eundg","article_published_time":"2014-04-14T10:39:55+00:00","article_modified_time":"2025-02-17T12:23:15+00:00","og_image":[{"width":662,"height":381,"url":"https:\/\/www.eundg.ch\/innen-architekt\/wp-content\/uploads\/2021\/03\/Entwurf-Grundrissvarianten2.jpg","type":"image\/jpeg"}],"author":"Markus Egger","twitter_card":"summary_large_image","twitter_misc":{"Written by":"Markus Egger"},"schema":{"@context":"https:\/\/schema.org","@graph":[{"@type":"Article","@id":"https:\/\/www.eundg.ch\/innen-architekt\/in-die-mitte-gerueckt\/#article","isPartOf":{"@id":"https:\/\/www.eundg.ch\/innen-architekt\/in-die-mitte-gerueckt\/"},"author":{"name":"Markus Egger","@id":"https:\/\/www.eundg.ch\/innen-architekt\/#\/schema\/person\/3bf8192ee5104d3f2bb7006f07f34a26"},"headline":"in die Mitte ger\u00fcckt","datePublished":"2014-04-14T10:39:55+00:00","dateModified":"2025-02-17T12:23:15+00:00","mainEntityOfPage":{"@id":"https:\/\/www.eundg.ch\/innen-architekt\/in-die-mitte-gerueckt\/"},"wordCount":93,"publisher":{"@id":"https:\/\/www.eundg.ch\/innen-architekt\/#organization"},"image":{"@id":"https:\/\/www.eundg.ch\/innen-architekt\/in-die-mitte-gerueckt\/#primaryimage"},"thumbnailUrl":"https:\/\/www.eundg.ch\/innen-architekt\/wp-content\/uploads\/2021\/03\/Entwurf-Grundrissvarianten2.jpg","keywords":["Eckbank","Eiche","Esszimmer mit Kochgelegenheit","Nero assoluto","Zentrum"],"articleSection":["Projekte"],"inLanguage":"en-US"},{"@type":"WebPage","@id":"https:\/\/www.eundg.ch\/innen-architekt\/in-die-mitte-gerueckt\/","url":"https:\/\/www.eundg.ch\/innen-architekt\/in-die-mitte-gerueckt\/","name":"in die Mitte ger\u00fcckt - eundg","isPartOf":{"@id":"https:\/\/www.eundg.ch\/innen-architekt\/#website"},"primaryImageOfPage":{"@id":"https:\/\/www.eundg.ch\/innen-architekt\/in-die-mitte-gerueckt\/#primaryimage"},"image":{"@id":"https:\/\/www.eundg.ch\/innen-architekt\/in-die-mitte-gerueckt\/#primaryimage"},"thumbnailUrl":"https:\/\/www.eundg.ch\/innen-architekt\/wp-content\/uploads\/2021\/03\/Entwurf-Grundrissvarianten2.jpg","datePublished":"2014-04-14T10:39:55+00:00","dateModified":"2025-02-17T12:23:15+00:00","breadcrumb":{"@id":"https:\/\/www.eundg.ch\/innen-architekt\/in-die-mitte-gerueckt\/#breadcrumb"},"inLanguage":"en-US","potentialAction":[{"@type":"ReadAction","target":["https:\/\/www.eundg.ch\/innen-architekt\/in-die-mitte-gerueckt\/"]}]},{"@type":"ImageObject","inLanguage":"en-US","@id":"https:\/\/www.eundg.ch\/innen-architekt\/in-die-mitte-gerueckt\/#primaryimage","url":"https:\/\/www.eundg.ch\/innen-architekt\/wp-content\/uploads\/2021\/03\/Entwurf-Grundrissvarianten2.jpg","contentUrl":"https:\/\/www.eundg.ch\/innen-architekt\/wp-content\/uploads\/2021\/03\/Entwurf-Grundrissvarianten2.jpg","width":662,"height":381},{"@type":"BreadcrumbList","@id":"https:\/\/www.eundg.ch\/innen-architekt\/in-die-mitte-gerueckt\/#breadcrumb","itemListElement":[{"@type":"ListItem","position":1,"name":"Start","item":"https:\/\/www.eundg.ch\/innen-architekt\/"},{"@type":"ListItem","position":2,"name":"in die Mitte ger\u00fcckt"}]},{"@type":"WebSite","@id":"https:\/\/www.eundg.ch\/innen-architekt\/#website","url":"https:\/\/www.eundg.ch\/innen-architekt\/","name":"eundg","description":"Umbauen im Bestand","publisher":{"@id":"https:\/\/www.eundg.ch\/innen-architekt\/#organization"},"potentialAction":[{"@type":"SearchAction","target":{"@type":"EntryPoint","urlTemplate":"https:\/\/www.eundg.ch\/innen-architekt\/?s={search_term_string}"},"query-input":{"@type":"PropertyValueSpecification","valueRequired":true,"valueName":"search_term_string"}}],"inLanguage":"en-US"},{"@type":"Organization","@id":"https:\/\/www.eundg.ch\/innen-architekt\/#organization","name":"eundg","url":"https:\/\/www.eundg.ch\/innen-architekt\/","logo":{"@type":"ImageObject","inLanguage":"en-US","@id":"https:\/\/www.eundg.ch\/innen-architekt\/#\/schema\/logo\/image\/","url":"https:\/\/www.eundg.ch\/innen-architekt\/wp-content\/uploads\/2025\/01\/Header-eundg-e1737406698453.jpg","contentUrl":"https:\/\/www.eundg.ch\/innen-architekt\/wp-content\/uploads\/2025\/01\/Header-eundg-e1737406698453.jpg","width":158,"height":48,"caption":"eundg"},"image":{"@id":"https:\/\/www.eundg.ch\/innen-architekt\/#\/schema\/logo\/image\/"}},{"@type":"Person","@id":"https:\/\/www.eundg.ch\/innen-architekt\/#\/schema\/person\/3bf8192ee5104d3f2bb7006f07f34a26","name":"Markus Egger","image":{"@type":"ImageObject","inLanguage":"en-US","@id":"https:\/\/secure.gravatar.com\/avatar\/db04ec7db63fbaf8d85abcc838850acfb8822f0c4d17938e7615f215074ed5c4?s=96&d=mm&r=g","url":"https:\/\/secure.gravatar.com\/avatar\/db04ec7db63fbaf8d85abcc838850acfb8822f0c4d17938e7615f215074ed5c4?s=96&d=mm&r=g","contentUrl":"https:\/\/secure.gravatar.com\/avatar\/db04ec7db63fbaf8d85abcc838850acfb8822f0c4d17938e7615f215074ed5c4?s=96&d=mm&r=g","caption":"Markus Egger"},"url":"https:\/\/www.eundg.ch\/innen-architekt\/author\/markus\/"}]}},"_links":{"self":[{"href":"https:\/\/www.eundg.ch\/innen-architekt\/wp-json\/wp\/v2\/posts\/435","targetHints":{"allow":["GET"]}}],"collection":[{"href":"https:\/\/www.eundg.ch\/innen-architekt\/wp-json\/wp\/v2\/posts"}],"about":[{"href":"https:\/\/www.eundg.ch\/innen-architekt\/wp-json\/wp\/v2\/types\/post"}],"author":[{"embeddable":true,"href":"https:\/\/www.eundg.ch\/innen-architekt\/wp-json\/wp\/v2\/users\/2"}],"replies":[{"embeddable":true,"href":"https:\/\/www.eundg.ch\/innen-architekt\/wp-json\/wp\/v2\/comments?post=435"}],"version-history":[{"count":24,"href":"https:\/\/www.eundg.ch\/innen-architekt\/wp-json\/wp\/v2\/posts\/435\/revisions"}],"predecessor-version":[{"id":2027,"href":"https:\/\/www.eundg.ch\/innen-architekt\/wp-json\/wp\/v2\/posts\/435\/revisions\/2027"}],"wp:featuredmedia":[{"embeddable":true,"href":"https:\/\/www.eundg.ch\/innen-architekt\/wp-json\/wp\/v2\/media\/1222"}],"wp:attachment":[{"href":"https:\/\/www.eundg.ch\/innen-architekt\/wp-json\/wp\/v2\/media?parent=435"}],"wp:term":[{"taxonomy":"category","embeddable":true,"href":"https:\/\/www.eundg.ch\/innen-architekt\/wp-json\/wp\/v2\/categories?post=435"},{"taxonomy":"post_tag","embeddable":true,"href":"https:\/\/www.eundg.ch\/innen-architekt\/wp-json\/wp\/v2\/tags?post=435"}],"curies":[{"name":"wp","href":"https:\/\/api.w.org\/{rel}","templated":true}]}}