{"id":109,"date":"2012-03-02T13:40:20","date_gmt":"2012-03-02T13:40:20","guid":{"rendered":"http:\/\/www.eundg.ch\/innen-architekt\/?p=109"},"modified":"2025-02-17T12:33:45","modified_gmt":"2025-02-17T12:33:45","slug":"zu-hause","status":"publish","type":"post","link":"https:\/\/www.eundg.ch\/innen-architekt\/zu-hause\/","title":{"rendered":"zu Hause"},"content":{"rendered":"\n<p>Anhand einer umfassenden Renovation,&nbsp;entsteht aus einer unpers\u00f6nlich eingerichteten Ferienwohnung, ein&nbsp;alpines zu Hause. Trotz den hohen Anspr\u00fcchen an das Raumprogramm,&nbsp;erh\u00e4lt die&nbsp;Zweizimmerwohnung mit knappen 60m2, eine&nbsp;unerwartete Grossz\u00fcgigkeit.<\/p>\n\n\n\n<p>Materialien:<br>M\u00f6bel: Fichte&nbsp;ged\u00e4mpft<br>K\u00fcche: Edelstahl<br>Textilien: grobe Leinen, Wollfilztuch<\/p>\n\n\n\n<div style=\"height:100px\" aria-hidden=\"true\" class=\"wp-block-spacer\"><\/div>\n\n\n\n<figure class=\"wp-block-image size-full\"><img loading=\"lazy\" decoding=\"async\" width=\"800\" height=\"600\" src=\"https:\/\/www.eundg.ch\/innen-architekt\/wp-content\/uploads\/2014\/06\/DSC01519-copy.gif\" alt=\"\" class=\"wp-image-117\"\/><\/figure>\n\n\n\n<div style=\"height:100px\" aria-hidden=\"true\" class=\"wp-block-spacer\"><\/div>\n\n\n\n<figure class=\"wp-block-image alignright size-full\"><img loading=\"lazy\" decoding=\"async\" width=\"800\" height=\"600\" src=\"https:\/\/www.eundg.ch\/innen-architekt\/wp-content\/uploads\/2014\/06\/DSC01324-copy.gif\" alt=\"\" class=\"wp-image-113\"\/><\/figure>\n\n\n\n<div style=\"height:100px\" aria-hidden=\"true\" class=\"wp-block-spacer\"><\/div>\n\n\n\n<figure class=\"wp-block-image alignleft size-full\"><img loading=\"lazy\" decoding=\"async\" width=\"800\" height=\"600\" src=\"https:\/\/www.eundg.ch\/innen-architekt\/wp-content\/uploads\/2014\/06\/DSC01340-copy.gif\" alt=\"\" class=\"wp-image-114\"\/><\/figure>\n\n\n\n<p><\/p>\n","protected":false},"excerpt":{"rendered":"<p>Anhand einer umfassenden Renovation, entsteht aus einer unpers\u00f6nlich eingerichteten Ferienwohnung, ein alpines zu Hause&#8230;<\/p>\n","protected":false},"author":1,"featured_media":116,"comment_status":"closed","ping_status":"closed","sticky":false,"template":"","format":"standard","meta":{"footnotes":""},"categories":[3],"tags":[51,27,50,24,26,18,48,28,49],"class_list":["post-109","post","type-post","status-publish","format-standard","has-post-thumbnail","hentry","category-projekte","tag-alpines-zu-hause","tag-edelstahl","tag-ferienwohnung","tag-fichte","tag-gedaempft","tag-leinen","tag-renovation","tag-wollfilztuch","tag-zweizimmerwohnung"],"yoast_head":"<!-- This site is optimized with the Yoast SEO plugin v27.5 - https:\/\/yoast.com\/product\/yoast-seo-wordpress\/ -->\n<title>zu Hause - eundg<\/title>\n<meta name=\"robots\" content=\"index, follow, max-snippet:-1, max-image-preview:large, max-video-preview:-1\" \/>\n<link rel=\"canonical\" href=\"https:\/\/www.eundg.ch\/innen-architekt\/zu-hause\/\" \/>\n<meta property=\"og:locale\" content=\"en_US\" \/>\n<meta property=\"og:type\" content=\"article\" \/>\n<meta property=\"og:title\" content=\"zu Hause - eundg\" \/>\n<meta property=\"og:description\" content=\"Anhand einer umfassenden Renovation, entsteht aus einer unpers\u00f6nlich eingerichteten Ferienwohnung, ein alpines zu Hause...\" \/>\n<meta property=\"og:url\" content=\"https:\/\/www.eundg.ch\/innen-architekt\/zu-hause\/\" \/>\n<meta property=\"og:site_name\" content=\"eundg\" \/>\n<meta property=\"article:published_time\" content=\"2012-03-02T13:40:20+00:00\" \/>\n<meta property=\"article:modified_time\" content=\"2025-02-17T12:33:45+00:00\" \/>\n<meta property=\"og:image\" content=\"https:\/\/www.eundg.ch\/innen-architekt\/wp-content\/uploads\/2014\/06\/DSC01513-copy.gif\" \/>\n\t<meta property=\"og:image:width\" content=\"800\" \/>\n\t<meta property=\"og:image:height\" content=\"600\" \/>\n\t<meta property=\"og:image:type\" content=\"image\/gif\" \/>\n<meta name=\"author\" content=\"admin\" \/>\n<meta name=\"twitter:card\" content=\"summary_large_image\" \/>\n<meta name=\"twitter:label1\" content=\"Written by\" \/>\n\t<meta name=\"twitter:data1\" content=\"admin\" \/>\n<script type=\"application\/ld+json\" class=\"yoast-schema-graph\">{\"@context\":\"https:\\\/\\\/schema.org\",\"@graph\":[{\"@type\":\"Article\",\"@id\":\"https:\\\/\\\/www.eundg.ch\\\/innen-architekt\\\/zu-hause\\\/#article\",\"isPartOf\":{\"@id\":\"https:\\\/\\\/www.eundg.ch\\\/innen-architekt\\\/zu-hause\\\/\"},\"author\":{\"name\":\"admin\",\"@id\":\"https:\\\/\\\/www.eundg.ch\\\/innen-architekt\\\/#\\\/schema\\\/person\\\/e57594dbc742ad5ab98519ef63fd8cbc\"},\"headline\":\"zu Hause\",\"datePublished\":\"2012-03-02T13:40:20+00:00\",\"dateModified\":\"2025-02-17T12:33:45+00:00\",\"mainEntityOfPage\":{\"@id\":\"https:\\\/\\\/www.eundg.ch\\\/innen-architekt\\\/zu-hause\\\/\"},\"wordCount\":53,\"publisher\":{\"@id\":\"https:\\\/\\\/www.eundg.ch\\\/innen-architekt\\\/#organization\"},\"image\":{\"@id\":\"https:\\\/\\\/www.eundg.ch\\\/innen-architekt\\\/zu-hause\\\/#primaryimage\"},\"thumbnailUrl\":\"https:\\\/\\\/www.eundg.ch\\\/innen-architekt\\\/wp-content\\\/uploads\\\/2014\\\/06\\\/DSC01513-copy.gif\",\"keywords\":[\"alpines zu Hause\",\"Edelstahl\",\"Ferienwohnung\",\"Fichte\",\"ged\u00e4mpft\",\"Leinen\",\"Renovation\",\"Wollfilztuch\",\"Zweizimmerwohnung\"],\"articleSection\":[\"Projekte\"],\"inLanguage\":\"en-US\"},{\"@type\":\"WebPage\",\"@id\":\"https:\\\/\\\/www.eundg.ch\\\/innen-architekt\\\/zu-hause\\\/\",\"url\":\"https:\\\/\\\/www.eundg.ch\\\/innen-architekt\\\/zu-hause\\\/\",\"name\":\"zu Hause - eundg\",\"isPartOf\":{\"@id\":\"https:\\\/\\\/www.eundg.ch\\\/innen-architekt\\\/#website\"},\"primaryImageOfPage\":{\"@id\":\"https:\\\/\\\/www.eundg.ch\\\/innen-architekt\\\/zu-hause\\\/#primaryimage\"},\"image\":{\"@id\":\"https:\\\/\\\/www.eundg.ch\\\/innen-architekt\\\/zu-hause\\\/#primaryimage\"},\"thumbnailUrl\":\"https:\\\/\\\/www.eundg.ch\\\/innen-architekt\\\/wp-content\\\/uploads\\\/2014\\\/06\\\/DSC01513-copy.gif\",\"datePublished\":\"2012-03-02T13:40:20+00:00\",\"dateModified\":\"2025-02-17T12:33:45+00:00\",\"breadcrumb\":{\"@id\":\"https:\\\/\\\/www.eundg.ch\\\/innen-architekt\\\/zu-hause\\\/#breadcrumb\"},\"inLanguage\":\"en-US\",\"potentialAction\":[{\"@type\":\"ReadAction\",\"target\":[\"https:\\\/\\\/www.eundg.ch\\\/innen-architekt\\\/zu-hause\\\/\"]}]},{\"@type\":\"ImageObject\",\"inLanguage\":\"en-US\",\"@id\":\"https:\\\/\\\/www.eundg.ch\\\/innen-architekt\\\/zu-hause\\\/#primaryimage\",\"url\":\"https:\\\/\\\/www.eundg.ch\\\/innen-architekt\\\/wp-content\\\/uploads\\\/2014\\\/06\\\/DSC01513-copy.gif\",\"contentUrl\":\"https:\\\/\\\/www.eundg.ch\\\/innen-architekt\\\/wp-content\\\/uploads\\\/2014\\\/06\\\/DSC01513-copy.gif\",\"width\":800,\"height\":600,\"caption\":\"Bodendetail\"},{\"@type\":\"BreadcrumbList\",\"@id\":\"https:\\\/\\\/www.eundg.ch\\\/innen-architekt\\\/zu-hause\\\/#breadcrumb\",\"itemListElement\":[{\"@type\":\"ListItem\",\"position\":1,\"name\":\"Start\",\"item\":\"https:\\\/\\\/www.eundg.ch\\\/innen-architekt\\\/\"},{\"@type\":\"ListItem\",\"position\":2,\"name\":\"zu Hause\"}]},{\"@type\":\"WebSite\",\"@id\":\"https:\\\/\\\/www.eundg.ch\\\/innen-architekt\\\/#website\",\"url\":\"https:\\\/\\\/www.eundg.ch\\\/innen-architekt\\\/\",\"name\":\"eundg\",\"description\":\"Umbauen im Bestand\",\"publisher\":{\"@id\":\"https:\\\/\\\/www.eundg.ch\\\/innen-architekt\\\/#organization\"},\"potentialAction\":[{\"@type\":\"SearchAction\",\"target\":{\"@type\":\"EntryPoint\",\"urlTemplate\":\"https:\\\/\\\/www.eundg.ch\\\/innen-architekt\\\/?s={search_term_string}\"},\"query-input\":{\"@type\":\"PropertyValueSpecification\",\"valueRequired\":true,\"valueName\":\"search_term_string\"}}],\"inLanguage\":\"en-US\"},{\"@type\":\"Organization\",\"@id\":\"https:\\\/\\\/www.eundg.ch\\\/innen-architekt\\\/#organization\",\"name\":\"eundg\",\"url\":\"https:\\\/\\\/www.eundg.ch\\\/innen-architekt\\\/\",\"logo\":{\"@type\":\"ImageObject\",\"inLanguage\":\"en-US\",\"@id\":\"https:\\\/\\\/www.eundg.ch\\\/innen-architekt\\\/#\\\/schema\\\/logo\\\/image\\\/\",\"url\":\"https:\\\/\\\/www.eundg.ch\\\/innen-architekt\\\/wp-content\\\/uploads\\\/2025\\\/01\\\/Header-eundg-e1737406698453.jpg\",\"contentUrl\":\"https:\\\/\\\/www.eundg.ch\\\/innen-architekt\\\/wp-content\\\/uploads\\\/2025\\\/01\\\/Header-eundg-e1737406698453.jpg\",\"width\":158,\"height\":48,\"caption\":\"eundg\"},\"image\":{\"@id\":\"https:\\\/\\\/www.eundg.ch\\\/innen-architekt\\\/#\\\/schema\\\/logo\\\/image\\\/\"}},{\"@type\":\"Person\",\"@id\":\"https:\\\/\\\/www.eundg.ch\\\/innen-architekt\\\/#\\\/schema\\\/person\\\/e57594dbc742ad5ab98519ef63fd8cbc\",\"name\":\"admin\",\"image\":{\"@type\":\"ImageObject\",\"inLanguage\":\"en-US\",\"@id\":\"https:\\\/\\\/secure.gravatar.com\\\/avatar\\\/e7fa3c2c82e6dfcc1d264a8dfb9db1cf67ef110b55089f0cf5c8c955a3551cdb?s=96&d=mm&r=g\",\"url\":\"https:\\\/\\\/secure.gravatar.com\\\/avatar\\\/e7fa3c2c82e6dfcc1d264a8dfb9db1cf67ef110b55089f0cf5c8c955a3551cdb?s=96&d=mm&r=g\",\"contentUrl\":\"https:\\\/\\\/secure.gravatar.com\\\/avatar\\\/e7fa3c2c82e6dfcc1d264a8dfb9db1cf67ef110b55089f0cf5c8c955a3551cdb?s=96&d=mm&r=g\",\"caption\":\"admin\"},\"url\":\"https:\\\/\\\/www.eundg.ch\\\/innen-architekt\\\/author\\\/admin\\\/\"}]}<\/script>\n<!-- \/ Yoast SEO plugin. -->","yoast_head_json":{"title":"zu Hause - eundg","robots":{"index":"index","follow":"follow","max-snippet":"max-snippet:-1","max-image-preview":"max-image-preview:large","max-video-preview":"max-video-preview:-1"},"canonical":"https:\/\/www.eundg.ch\/innen-architekt\/zu-hause\/","og_locale":"en_US","og_type":"article","og_title":"zu Hause - eundg","og_description":"Anhand einer umfassenden Renovation, entsteht aus einer unpers\u00f6nlich eingerichteten Ferienwohnung, ein alpines zu Hause...","og_url":"https:\/\/www.eundg.ch\/innen-architekt\/zu-hause\/","og_site_name":"eundg","article_published_time":"2012-03-02T13:40:20+00:00","article_modified_time":"2025-02-17T12:33:45+00:00","og_image":[{"width":800,"height":600,"url":"https:\/\/www.eundg.ch\/innen-architekt\/wp-content\/uploads\/2014\/06\/DSC01513-copy.gif","type":"image\/gif"}],"author":"admin","twitter_card":"summary_large_image","twitter_misc":{"Written by":"admin"},"schema":{"@context":"https:\/\/schema.org","@graph":[{"@type":"Article","@id":"https:\/\/www.eundg.ch\/innen-architekt\/zu-hause\/#article","isPartOf":{"@id":"https:\/\/www.eundg.ch\/innen-architekt\/zu-hause\/"},"author":{"name":"admin","@id":"https:\/\/www.eundg.ch\/innen-architekt\/#\/schema\/person\/e57594dbc742ad5ab98519ef63fd8cbc"},"headline":"zu Hause","datePublished":"2012-03-02T13:40:20+00:00","dateModified":"2025-02-17T12:33:45+00:00","mainEntityOfPage":{"@id":"https:\/\/www.eundg.ch\/innen-architekt\/zu-hause\/"},"wordCount":53,"publisher":{"@id":"https:\/\/www.eundg.ch\/innen-architekt\/#organization"},"image":{"@id":"https:\/\/www.eundg.ch\/innen-architekt\/zu-hause\/#primaryimage"},"thumbnailUrl":"https:\/\/www.eundg.ch\/innen-architekt\/wp-content\/uploads\/2014\/06\/DSC01513-copy.gif","keywords":["alpines zu Hause","Edelstahl","Ferienwohnung","Fichte","ged\u00e4mpft","Leinen","Renovation","Wollfilztuch","Zweizimmerwohnung"],"articleSection":["Projekte"],"inLanguage":"en-US"},{"@type":"WebPage","@id":"https:\/\/www.eundg.ch\/innen-architekt\/zu-hause\/","url":"https:\/\/www.eundg.ch\/innen-architekt\/zu-hause\/","name":"zu Hause - eundg","isPartOf":{"@id":"https:\/\/www.eundg.ch\/innen-architekt\/#website"},"primaryImageOfPage":{"@id":"https:\/\/www.eundg.ch\/innen-architekt\/zu-hause\/#primaryimage"},"image":{"@id":"https:\/\/www.eundg.ch\/innen-architekt\/zu-hause\/#primaryimage"},"thumbnailUrl":"https:\/\/www.eundg.ch\/innen-architekt\/wp-content\/uploads\/2014\/06\/DSC01513-copy.gif","datePublished":"2012-03-02T13:40:20+00:00","dateModified":"2025-02-17T12:33:45+00:00","breadcrumb":{"@id":"https:\/\/www.eundg.ch\/innen-architekt\/zu-hause\/#breadcrumb"},"inLanguage":"en-US","potentialAction":[{"@type":"ReadAction","target":["https:\/\/www.eundg.ch\/innen-architekt\/zu-hause\/"]}]},{"@type":"ImageObject","inLanguage":"en-US","@id":"https:\/\/www.eundg.ch\/innen-architekt\/zu-hause\/#primaryimage","url":"https:\/\/www.eundg.ch\/innen-architekt\/wp-content\/uploads\/2014\/06\/DSC01513-copy.gif","contentUrl":"https:\/\/www.eundg.ch\/innen-architekt\/wp-content\/uploads\/2014\/06\/DSC01513-copy.gif","width":800,"height":600,"caption":"Bodendetail"},{"@type":"BreadcrumbList","@id":"https:\/\/www.eundg.ch\/innen-architekt\/zu-hause\/#breadcrumb","itemListElement":[{"@type":"ListItem","position":1,"name":"Start","item":"https:\/\/www.eundg.ch\/innen-architekt\/"},{"@type":"ListItem","position":2,"name":"zu Hause"}]},{"@type":"WebSite","@id":"https:\/\/www.eundg.ch\/innen-architekt\/#website","url":"https:\/\/www.eundg.ch\/innen-architekt\/","name":"eundg","description":"Umbauen im Bestand","publisher":{"@id":"https:\/\/www.eundg.ch\/innen-architekt\/#organization"},"potentialAction":[{"@type":"SearchAction","target":{"@type":"EntryPoint","urlTemplate":"https:\/\/www.eundg.ch\/innen-architekt\/?s={search_term_string}"},"query-input":{"@type":"PropertyValueSpecification","valueRequired":true,"valueName":"search_term_string"}}],"inLanguage":"en-US"},{"@type":"Organization","@id":"https:\/\/www.eundg.ch\/innen-architekt\/#organization","name":"eundg","url":"https:\/\/www.eundg.ch\/innen-architekt\/","logo":{"@type":"ImageObject","inLanguage":"en-US","@id":"https:\/\/www.eundg.ch\/innen-architekt\/#\/schema\/logo\/image\/","url":"https:\/\/www.eundg.ch\/innen-architekt\/wp-content\/uploads\/2025\/01\/Header-eundg-e1737406698453.jpg","contentUrl":"https:\/\/www.eundg.ch\/innen-architekt\/wp-content\/uploads\/2025\/01\/Header-eundg-e1737406698453.jpg","width":158,"height":48,"caption":"eundg"},"image":{"@id":"https:\/\/www.eundg.ch\/innen-architekt\/#\/schema\/logo\/image\/"}},{"@type":"Person","@id":"https:\/\/www.eundg.ch\/innen-architekt\/#\/schema\/person\/e57594dbc742ad5ab98519ef63fd8cbc","name":"admin","image":{"@type":"ImageObject","inLanguage":"en-US","@id":"https:\/\/secure.gravatar.com\/avatar\/e7fa3c2c82e6dfcc1d264a8dfb9db1cf67ef110b55089f0cf5c8c955a3551cdb?s=96&d=mm&r=g","url":"https:\/\/secure.gravatar.com\/avatar\/e7fa3c2c82e6dfcc1d264a8dfb9db1cf67ef110b55089f0cf5c8c955a3551cdb?s=96&d=mm&r=g","contentUrl":"https:\/\/secure.gravatar.com\/avatar\/e7fa3c2c82e6dfcc1d264a8dfb9db1cf67ef110b55089f0cf5c8c955a3551cdb?s=96&d=mm&r=g","caption":"admin"},"url":"https:\/\/www.eundg.ch\/innen-architekt\/author\/admin\/"}]}},"_links":{"self":[{"href":"https:\/\/www.eundg.ch\/innen-architekt\/wp-json\/wp\/v2\/posts\/109","targetHints":{"allow":["GET"]}}],"collection":[{"href":"https:\/\/www.eundg.ch\/innen-architekt\/wp-json\/wp\/v2\/posts"}],"about":[{"href":"https:\/\/www.eundg.ch\/innen-architekt\/wp-json\/wp\/v2\/types\/post"}],"author":[{"embeddable":true,"href":"https:\/\/www.eundg.ch\/innen-architekt\/wp-json\/wp\/v2\/users\/1"}],"replies":[{"embeddable":true,"href":"https:\/\/www.eundg.ch\/innen-architekt\/wp-json\/wp\/v2\/comments?post=109"}],"version-history":[{"count":18,"href":"https:\/\/www.eundg.ch\/innen-architekt\/wp-json\/wp\/v2\/posts\/109\/revisions"}],"predecessor-version":[{"id":2033,"href":"https:\/\/www.eundg.ch\/innen-architekt\/wp-json\/wp\/v2\/posts\/109\/revisions\/2033"}],"wp:featuredmedia":[{"embeddable":true,"href":"https:\/\/www.eundg.ch\/innen-architekt\/wp-json\/wp\/v2\/media\/116"}],"wp:attachment":[{"href":"https:\/\/www.eundg.ch\/innen-architekt\/wp-json\/wp\/v2\/media?parent=109"}],"wp:term":[{"taxonomy":"category","embeddable":true,"href":"https:\/\/www.eundg.ch\/innen-architekt\/wp-json\/wp\/v2\/categories?post=109"},{"taxonomy":"post_tag","embeddable":true,"href":"https:\/\/www.eundg.ch\/innen-architekt\/wp-json\/wp\/v2\/tags?post=109"}],"curies":[{"name":"wp","href":"https:\/\/api.w.org\/{rel}","templated":true}]}}